{"id":1901,"date":"2025-08-04T11:01:01","date_gmt":"2025-08-04T09:01:01","guid":{"rendered":"https:\/\/www.connectus.sk\/?p=1901"},"modified":"2025-09-09T11:11:14","modified_gmt":"2025-09-09T09:11:14","slug":"udrzatelnost-a-zelensi-zivot-kopcany","status":"publish","type":"post","link":"https:\/\/www.connectus.sk\/en\/udrzatelnost-a-zelensi-zivot-kopcany\/","title":{"rendered":"Sustainability and greener living, Kop\u010dany"},"content":{"rendered":"<div data-elementor-type=\"wp-post\" data-elementor-id=\"1901\" class=\"elementor elementor-1901\" data-elementor-post-type=\"post\">\n\t\t\t\t\t\t<section class=\"elementor-section elementor-top-section elementor-element elementor-element-53a23cc3 elementor-section-boxed elementor-section-height-default elementor-section-height-default\" data-id=\"53a23cc3\" data-element_type=\"section\" data-e-type=\"section\">\n\t\t\t\t\t\t<div class=\"elementor-container elementor-column-gap-default\">\n\t\t\t\t\t<div class=\"elementor-column elementor-col-100 elementor-top-column elementor-element elementor-element-9623a11\" data-id=\"9623a11\" data-element_type=\"column\" data-e-type=\"column\">\n\t\t\t<div class=\"elementor-widget-wrap elementor-element-populated\">\n\t\t\t\t\t\t<div class=\"elementor-element elementor-element-63a1eea8 elementor-widget elementor-widget-text-editor\" data-id=\"63a1eea8\" data-element_type=\"widget\" data-e-type=\"widget\" data-widget_type=\"text-editor.default\">\n\t\t\t\t<div class=\"elementor-widget-container\">\n\t\t\t\t\t\t\t\t\t<p><\/p>\n<p>Ob\u010dianske zdru\u017eenie Connectus po tret\u00edkr\u00e1t realizuje dobrovo\u013en\u00edcky projekt \u201cUdr\u017eate\u013enos\u0165\u00a0a zelen\u0161\u00ed \u017eivot\u201d, ktor\u00fd sa tento rok kon\u00e1 po\u010das leta v priestoroch historick\u00e9ho \u017dreb\u010d\u00edna v\u00a0Kop\u010danoch.\u00a0Po\u010das mesiacov j\u00fal a august sa do projektu zapojili dvaja mlad\u00ed dobrovo\u013en\u00edci z Gruz\u00ednska \u2013 Luka a Nino. Ich aktivity s\u00fa zameran\u00e9 na podporu udr\u017eate\u013enosti, obnovu historick\u00fdch\u00a0priestorov a pomoc miestnej komunite. Dobrovo\u013en\u00edci sa podie\u013eaj\u00fa na r\u00f4znorod\u00fdch\u00a0\u010dinnostiach ako napr\u00edklad:<\/p>\n<p><\/p>\n<ul class=\"wp-block-list\">\n<li style=\"list-style-type: none;\">\n<ul class=\"wp-block-list\"><\/ul>\n<\/li>\n<\/ul>\n<ul>\n<li>interi\u00e9rov\u00e9 \u00fapravy: ma\u013eovanie stien a umeleck\u00e9 ma\u013eby v priestoroch \u017dreb\u010d\u00edna,<\/li>\n<li>zve\u013ea\u010fovanie a \u00faprava bl\u00edzkeho okolia: obnova a zlep\u0161enie detsk\u00e9ho ihriska,\u00a0renov\u00e1cia miestnych informa\u010dn\u00fdch tab\u00fa\u013e, kvetin\u00e1\u010dov a drobn\u00fdch prvkov verejn\u00e9ho\u00a0priestoru,<\/li>\n<li>podpora \u017dreb\u010d\u00edna a obnova historick\u00e9ho are\u00e1lu \u017deb\u010d\u00edna: \u010distenie, drobn\u00e9 opravy.<\/li>\n<\/ul>\n<p><span style=\"background-color: transparent;\">\u00a0<\/span><br \/><span style=\"background-color: transparent;\">Od 1. augusta sa k dobrovo\u013en\u00edkom prid\u00e1 v\u00e4\u010d\u0161ia skupina mlad\u00fdch \u013eud\u00ed zo \u0160panielska,\u00a0<\/span><span style=\"background-color: transparent;\">\u010ceska, Ukrajiny, Gruz\u00ednska a aj zo Slovenska. Po\u010das nasleduj\u00facich 20 dn\u00ed bud\u00fa spolu\u00a0<\/span><span style=\"background-color: transparent;\">pokra\u010dova\u0165 v \u010fal\u0161\u00edch aktivit\u00e1ch zameran\u00fdch na zve\u013ea\u010fovanie priestoru a podporu\u00a0<\/span><span style=\"background-color: transparent;\">komunity.\u00a0<\/span><\/p>\n<div><span style=\"background-color: transparent;\">\u010eakujeme Obci Kop\u010dany za spolupr\u00e1cu a podporu, a te\u0161\u00edme sa na v\u0161etky pozit\u00edvne <\/span><span style=\"background-color: transparent;\">premeny, o ktor\u00e9 sa mlad\u00ed dobrovo\u013en\u00edci svojou pr\u00e1cou zasl\u00fa\u017eia.\u00a0<\/span><\/div>\n<div><span style=\"background-color: transparent;\">Tento projekt je podporen\u00fd programom Eur\u00f3psky zbor solidarity.<\/span><\/div>\n<p>\u00a0<\/p>\t\t\t\t\t\t\t\t<\/div>\n\t\t\t\t<\/div>\n\t\t\t\t<div class=\"elementor-element elementor-element-14b1d54 elementor-widget elementor-widget-gallery\" data-id=\"14b1d54\" data-element_type=\"widget\" data-e-type=\"widget\" data-settings=\"{&quot;gallery_layout&quot;:&quot;justified&quot;,&quot;lazyload&quot;:&quot;yes&quot;,&quot;ideal_row_height&quot;:{&quot;unit&quot;:&quot;px&quot;,&quot;size&quot;:200,&quot;sizes&quot;:[]},&quot;ideal_row_height_tablet&quot;:{&quot;unit&quot;:&quot;px&quot;,&quot;size&quot;:150,&quot;sizes&quot;:[]},&quot;ideal_row_height_mobile&quot;:{&quot;unit&quot;:&quot;px&quot;,&quot;size&quot;:150,&quot;sizes&quot;:[]},&quot;gap&quot;:{&quot;unit&quot;:&quot;px&quot;,&quot;size&quot;:10,&quot;sizes&quot;:[]},&quot;gap_tablet&quot;:{&quot;unit&quot;:&quot;px&quot;,&quot;size&quot;:10,&quot;sizes&quot;:[]},&quot;gap_mobile&quot;:{&quot;unit&quot;:&quot;px&quot;,&quot;size&quot;:10,&quot;sizes&quot;:[]},&quot;link_to&quot;:&quot;file&quot;,&quot;overlay_background&quot;:&quot;yes&quot;,&quot;content_hover_animation&quot;:&quot;fade-in&quot;}\" data-widget_type=\"gallery.default\">\n\t\t\t\t<div class=\"elementor-widget-container\">\n\t\t\t\t\t\t\t<div class=\"elementor-gallery__container\">\n\t\t\t\t\t\t\t<a class=\"e-gallery-item elementor-gallery-item elementor-animated-content\" href=\"https:\/\/www.connectus.sk\/wp-content\/uploads\/2025\/09\/Intercultural-Event.jpg\" data-elementor-open-lightbox=\"yes\" data-elementor-lightbox-slideshow=\"14b1d54\" data-e-action-hash=\"#elementor-action%3Aaction%3Dlightbox%26settings%3DeyJpZCI6MTkwMywidXJsIjoiaHR0cHM6XC9cL3d3dy5jb25uZWN0dXMuc2tcL3dwLWNvbnRlbnRcL3VwbG9hZHNcLzIwMjVcLzA5XC9JbnRlcmN1bHR1cmFsLUV2ZW50LmpwZyIsInNsaWRlc2hvdyI6IjE0YjFkNTQifQ%3D%3D\">\n\t\t\t\t\t<div class=\"e-gallery-image elementor-gallery-item__image\" data-thumbnail=\"https:\/\/www.connectus.sk\/wp-content\/uploads\/2025\/09\/Intercultural-Event-1024x724.jpg\" data-width=\"800\" data-height=\"566\" aria-label=\"\" role=\"img\" ><\/div>\n\t\t\t\t\t\t\t\t\t\t\t<div class=\"elementor-gallery-item__overlay\"><\/div>\n\t\t\t\t\t\t\t\t\t\t\t\t\t\t<\/a>\n\t\t\t\t\t\t\t<a class=\"e-gallery-item elementor-gallery-item elementor-animated-content\" href=\"https:\/\/www.connectus.sk\/wp-content\/uploads\/2025\/09\/Intercultural-event-Interkulturny-vecer-4.jpg\" data-elementor-open-lightbox=\"yes\" data-elementor-lightbox-slideshow=\"14b1d54\" data-e-action-hash=\"#elementor-action%3Aaction%3Dlightbox%26settings%3DeyJpZCI6MTkwMiwidXJsIjoiaHR0cHM6XC9cL3d3dy5jb25uZWN0dXMuc2tcL3dwLWNvbnRlbnRcL3VwbG9hZHNcLzIwMjVcLzA5XC9JbnRlcmN1bHR1cmFsLWV2ZW50LUludGVya3VsdHVybnktdmVjZXItNC5qcGciLCJzbGlkZXNob3ciOiIxNGIxZDU0In0%3D\">\n\t\t\t\t\t<div class=\"e-gallery-image elementor-gallery-item__image\" data-thumbnail=\"https:\/\/www.connectus.sk\/wp-content\/uploads\/2025\/09\/Intercultural-event-Interkulturny-vecer-4-1024x724.jpg\" data-width=\"800\" data-height=\"566\" aria-label=\"\" role=\"img\" ><\/div>\n\t\t\t\t\t\t\t\t\t\t\t<div class=\"elementor-gallery-item__overlay\"><\/div>\n\t\t\t\t\t\t\t\t\t\t\t\t\t\t<\/a>\n\t\t\t\t\t<\/div>\n\t\t\t\t\t<\/div>\n\t\t\t\t<\/div>\n\t\t\t\t\t<\/div>\n\t\t<\/div>\n\t\t\t\t\t<\/div>\n\t\t<\/section>\n\t\t<\/p>\n<ul class=\"wp-block-list\">\n<li style=\"list-style-type: none;\">\n<ul class=\"wp-block-list\"><!-- wp:list-item --><\/ul>\n<\/li>\n<\/ul>\n<ul>\n<li>interi\u00e9rov\u00e9 \u00fapravy: ma\u013eovanie stien a umeleck\u00e9 ma\u013eby v priestoroch \u017dreb\u010d\u00edna,<\/li>\n<li>zve\u013ea\u010fovanie a \u00faprava bl\u00edzkeho okolia: obnova a zlep\u0161enie detsk\u00e9ho ihriska,\u00a0renov\u00e1cia miestnych informa\u010dn\u00fdch tab\u00fa\u013e, kvetin\u00e1\u010dov a drobn\u00fdch prvkov verejn\u00e9ho\u00a0priestoru,<\/li>\n<li>podpora \u017dreb\u010d\u00edna a obnova historick\u00e9ho are\u00e1lu \u017deb\u010d\u00edna: \u010distenie, drobn\u00e9 opravy.<\/li>\n<\/ul>\n<p><span style=\"background-color: transparent;\">\u00a0<\/span><br \/><span style=\"background-color: transparent;\">Od 1. augusta sa k dobrovo\u013en\u00edkom prid\u00e1 v\u00e4\u010d\u0161ia skupina mlad\u00fdch \u013eud\u00ed zo \u0160panielska,\u00a0<\/span><span style=\"background-color: transparent;\">\u010ceska, Ukrajiny, Gruz\u00ednska a aj zo Slovenska. Po\u010das nasleduj\u00facich 20 dn\u00ed bud\u00fa spolu\u00a0<\/span><span style=\"background-color: transparent;\">pokra\u010dova\u0165 v \u010fal\u0161\u00edch aktivit\u00e1ch zameran\u00fdch na zve\u013ea\u010fovanie priestoru a podporu\u00a0<\/span><span style=\"background-color: transparent;\">komunity.\u00a0<\/span><\/p>\n<div><span style=\"background-color: transparent;\">\u010eakujeme Obci Kop\u010dany za spolupr\u00e1cu a podporu, a te\u0161\u00edme sa na v\u0161etky pozit\u00edvne <\/span><span style=\"background-color: transparent;\">premeny, o ktor\u00e9 sa mlad\u00ed dobrovo\u013en\u00edci svojou pr\u00e1cou zasl\u00fa\u017eia.\u00a0<\/span><\/div>\n<div><span style=\"background-color: transparent;\">Tento projekt je podporen\u00fd programom Eur\u00f3psky zbor solidarity.<\/span><\/div>\n<p>\u00a0<\/p>\t\t\t\t\t\t\t\t<\/div>\n\t\t\t\t<\/div>\n\t\t\t\t<div class=\"elementor-element elementor-element-14b1d54 elementor-widget elementor-widget-gallery\" data-id=\"14b1d54\" data-element_type=\"widget\" data-e-type=\"widget\" data-settings=\"{&quot;gallery_layout&quot;:&quot;justified&quot;,&quot;lazyload&quot;:&quot;yes&quot;,&quot;ideal_row_height&quot;:{&quot;unit&quot;:&quot;px&quot;,&quot;size&quot;:200,&quot;sizes&quot;:[]},&quot;ideal_row_height_tablet&quot;:{&quot;unit&quot;:&quot;px&quot;,&quot;size&quot;:150,&quot;sizes&quot;:[]},&quot;ideal_row_height_mobile&quot;:{&quot;unit&quot;:&quot;px&quot;,&quot;size&quot;:150,&quot;sizes&quot;:[]},&quot;gap&quot;:{&quot;unit&quot;:&quot;px&quot;,&quot;size&quot;:10,&quot;sizes&quot;:[]},&quot;gap_tablet&quot;:{&quot;unit&quot;:&quot;px&quot;,&quot;size&quot;:10,&quot;sizes&quot;:[]},&quot;gap_mobile&quot;:{&quot;unit&quot;:&quot;px&quot;,&quot;size&quot;:10,&quot;sizes&quot;:[]},&quot;link_to&quot;:&quot;file&quot;,&quot;overlay_background&quot;:&quot;yes&quot;,&quot;content_hover_animation&quot;:&quot;fade-in&quot;}\" data-widget_type=\"gallery.default\">\n\t\t\t\t<div class=\"elementor-widget-container\">\n\t\t\t\t\t\t\t<div class=\"elementor-gallery__container\">\n\t\t\t\t\t\t\t<a class=\"e-gallery-item elementor-gallery-item elementor-animated-content\" href=\"https:\/\/www.connectus.sk\/wp-content\/uploads\/2025\/09\/Intercultural-Event.jpg\" data-elementor-open-lightbox=\"yes\" data-elementor-lightbox-slideshow=\"14b1d54\" data-e-action-hash=\"#elementor-action%3Aaction%3Dlightbox%26settings%3DeyJpZCI6MTkwMywidXJsIjoiaHR0cHM6XC9cL3d3dy5jb25uZWN0dXMuc2tcL3dwLWNvbnRlbnRcL3VwbG9hZHNcLzIwMjVcLzA5XC9JbnRlcmN1bHR1cmFsLUV2ZW50LmpwZyIsInNsaWRlc2hvdyI6IjE0YjFkNTQifQ%3D%3D\">\n\t\t\t\t\t<div class=\"e-gallery-image elementor-gallery-item__image\" data-thumbnail=\"https:\/\/www.connectus.sk\/wp-content\/uploads\/2025\/09\/Intercultural-Event-1024x724.jpg\" data-width=\"800\" data-height=\"566\" aria-label=\"\" role=\"img\" ><\/div>\n\t\t\t\t\t\t\t\t\t\t\t<div class=\"elementor-gallery-item__overlay\"><\/div>\n\t\t\t\t\t\t\t\t\t\t\t\t\t\t<\/a>\n\t\t\t\t\t\t\t<a class=\"e-gallery-item elementor-gallery-item elementor-animated-content\" href=\"https:\/\/www.connectus.sk\/wp-content\/uploads\/2025\/09\/Intercultural-event-Interkulturny-vecer-4.jpg\" data-elementor-open-lightbox=\"yes\" data-elementor-lightbox-slideshow=\"14b1d54\" data-e-action-hash=\"#elementor-action%3Aaction%3Dlightbox%26settings%3DeyJpZCI6MTkwMiwidXJsIjoiaHR0cHM6XC9cL3d3dy5jb25uZWN0dXMuc2tcL3dwLWNvbnRlbnRcL3VwbG9hZHNcLzIwMjVcLzA5XC9JbnRlcmN1bHR1cmFsLWV2ZW50LUludGVya3VsdHVybnktdmVjZXItNC5qcGciLCJzbGlkZXNob3ciOiIxNGIxZDU0In0%3D\">\n\t\t\t\t\t<div class=\"e-gallery-image elementor-gallery-item__image\" data-thumbnail=\"https:\/\/www.connectus.sk\/wp-content\/uploads\/2025\/09\/Intercultural-event-Interkulturny-vecer-4-1024x724.jpg\" data-width=\"800\" data-height=\"566\" aria-label=\"\" role=\"img\" ><\/div>\n\t\t\t\t\t\t\t\t\t\t\t<div class=\"elementor-gallery-item__overlay\"><\/div>\n\t\t\t\t\t\t\t\t\t\t\t\t\t\t<\/a>\n\t\t\t\t\t<\/div>\n\t\t\t\t\t<\/div>\n\t\t\t\t<\/div>\n\t\t\t\t\t<\/div>\n\t\t<\/div>\n\t\t\t\t\t<\/div>\n\t\t<\/section>\n\t\t\t\t<\/div>","protected":false},"excerpt":{"rendered":"<p>Ob\u010dianske zdru\u017eenie Connectus po tret\u00edkr\u00e1t realizuje dobrovo\u013en\u00edcky projekt \u201cUdr\u017eate\u013enos\u0165\u00a0a zelen\u0161\u00ed \u017eivot\u201d, ktor\u00fd sa tento rok kon\u00e1 po\u010das leta v priestoroch historick\u00e9ho \u017dreb\u010d\u00edna v\u00a0Kop\u010danoch.\u00a0Po\u010das mesiacov j\u00fal a august sa do projektu zapojili dvaja mlad\u00ed dobrovo\u013en\u00edci z Gruz\u00ednska \u2013 Luka a Nino. Ich aktivity s\u00fa zameran\u00e9 na podporu udr\u017eate\u013enosti, obnovu historick\u00fdch\u00a0priestorov a pomoc miestnej komunite. Dobrovo\u013en\u00edci sa [&hellip;]<\/p>","protected":false},"author":1,"featured_media":1903,"comment_status":"closed","ping_status":"open","sticky":false,"template":"","format":"standard","meta":{"footnotes":""},"categories":[10],"tags":[],"class_list":["post-1901","post","type-post","status-publish","format-standard","has-post-thumbnail","hentry","category-novinky"],"yoast_head":"<!-- This site is optimized with the Yoast SEO plugin v27.5 - https:\/\/yoast.com\/product\/yoast-seo-wordpress\/ -->\n<title>Udr\u017eate\u013enos\u0165 a zelen\u0161\u00ed \u017eivot, Kop\u010dany - Connectus Slovensko<\/title>\n<meta name=\"robots\" content=\"index, follow, max-snippet:-1, max-image-preview:large, max-video-preview:-1\" \/>\n<link rel=\"canonical\" href=\"https:\/\/www.connectus.sk\/en\/udrzatelnost-a-zelensi-zivot-kopcany\/\" \/>\n<meta property=\"og:locale\" content=\"en_GB\" \/>\n<meta property=\"og:type\" content=\"article\" \/>\n<meta property=\"og:title\" content=\"Udr\u017eate\u013enos\u0165 a zelen\u0161\u00ed \u017eivot, Kop\u010dany - Connectus Slovensko\" \/>\n<meta property=\"og:description\" content=\"Ob\u010dianske zdru\u017eenie Connectus po tret\u00edkr\u00e1t realizuje dobrovo\u013en\u00edcky projekt \u201cUdr\u017eate\u013enos\u0165\u00a0a zelen\u0161\u00ed \u017eivot\u201d, ktor\u00fd sa tento rok kon\u00e1 po\u010das leta v priestoroch historick\u00e9ho \u017dreb\u010d\u00edna v\u00a0Kop\u010danoch.\u00a0Po\u010das mesiacov j\u00fal a august sa do projektu zapojili dvaja mlad\u00ed dobrovo\u013en\u00edci z Gruz\u00ednska \u2013 Luka a Nino. Ich aktivity s\u00fa zameran\u00e9 na podporu udr\u017eate\u013enosti, obnovu historick\u00fdch\u00a0priestorov a pomoc miestnej komunite. Dobrovo\u013en\u00edci sa [&hellip;]\" \/>\n<meta property=\"og:url\" content=\"https:\/\/www.connectus.sk\/en\/udrzatelnost-a-zelensi-zivot-kopcany\/\" \/>\n<meta property=\"og:site_name\" content=\"Connectus Slovensko\" \/>\n<meta property=\"article:published_time\" content=\"2025-08-04T09:01:01+00:00\" \/>\n<meta property=\"article:modified_time\" content=\"2025-09-09T09:11:14+00:00\" \/>\n<meta property=\"og:image\" content=\"https:\/\/www.connectus.sk\/wp-content\/uploads\/2025\/09\/Intercultural-Event.jpg\" \/>\n\t<meta property=\"og:image:width\" content=\"2000\" \/>\n\t<meta property=\"og:image:height\" content=\"1414\" \/>\n\t<meta property=\"og:image:type\" content=\"image\/jpeg\" \/>\n<meta name=\"author\" content=\"Mandala_159\" \/>\n<meta name=\"twitter:card\" content=\"summary_large_image\" \/>\n<meta name=\"twitter:label1\" content=\"Written by\" \/>\n\t<meta name=\"twitter:data1\" content=\"Mandala_159\" \/>\n\t<meta name=\"twitter:label2\" content=\"Estimated reading time\" \/>\n\t<meta name=\"twitter:data2\" content=\"1 minute\" \/>\n<script type=\"application\/ld+json\" class=\"yoast-schema-graph\">{\"@context\":\"https:\\\/\\\/schema.org\",\"@graph\":[{\"@type\":\"Article\",\"@id\":\"https:\\\/\\\/www.connectus.sk\\\/udrzatelnost-a-zelensi-zivot-kopcany\\\/#article\",\"isPartOf\":{\"@id\":\"https:\\\/\\\/www.connectus.sk\\\/udrzatelnost-a-zelensi-zivot-kopcany\\\/\"},\"author\":{\"name\":\"Mandala_159\",\"@id\":\"https:\\\/\\\/www.connectus.sk\\\/#\\\/schema\\\/person\\\/893e6e58e78e6cc7516bd6727ae093fd\"},\"headline\":\"Udr\u017eate\u013enos\u0165 a zelen\u0161\u00ed \u017eivot, Kop\u010dany\",\"datePublished\":\"2025-08-04T09:01:01+00:00\",\"dateModified\":\"2025-09-09T09:11:14+00:00\",\"mainEntityOfPage\":{\"@id\":\"https:\\\/\\\/www.connectus.sk\\\/udrzatelnost-a-zelensi-zivot-kopcany\\\/\"},\"wordCount\":245,\"publisher\":{\"@id\":\"https:\\\/\\\/www.connectus.sk\\\/#organization\"},\"image\":{\"@id\":\"https:\\\/\\\/www.connectus.sk\\\/udrzatelnost-a-zelensi-zivot-kopcany\\\/#primaryimage\"},\"thumbnailUrl\":\"https:\\\/\\\/www.connectus.sk\\\/wp-content\\\/uploads\\\/2025\\\/09\\\/Intercultural-Event.jpg\",\"articleSection\":[\"Novinky\"],\"inLanguage\":\"en-GB\"},{\"@type\":\"WebPage\",\"@id\":\"https:\\\/\\\/www.connectus.sk\\\/udrzatelnost-a-zelensi-zivot-kopcany\\\/\",\"url\":\"https:\\\/\\\/www.connectus.sk\\\/udrzatelnost-a-zelensi-zivot-kopcany\\\/\",\"name\":\"Udr\u017eate\u013enos\u0165 a zelen\u0161\u00ed \u017eivot, Kop\u010dany - Connectus Slovensko\",\"isPartOf\":{\"@id\":\"https:\\\/\\\/www.connectus.sk\\\/#website\"},\"primaryImageOfPage\":{\"@id\":\"https:\\\/\\\/www.connectus.sk\\\/udrzatelnost-a-zelensi-zivot-kopcany\\\/#primaryimage\"},\"image\":{\"@id\":\"https:\\\/\\\/www.connectus.sk\\\/udrzatelnost-a-zelensi-zivot-kopcany\\\/#primaryimage\"},\"thumbnailUrl\":\"https:\\\/\\\/www.connectus.sk\\\/wp-content\\\/uploads\\\/2025\\\/09\\\/Intercultural-Event.jpg\",\"datePublished\":\"2025-08-04T09:01:01+00:00\",\"dateModified\":\"2025-09-09T09:11:14+00:00\",\"breadcrumb\":{\"@id\":\"https:\\\/\\\/www.connectus.sk\\\/udrzatelnost-a-zelensi-zivot-kopcany\\\/#breadcrumb\"},\"inLanguage\":\"en-GB\",\"potentialAction\":[{\"@type\":\"ReadAction\",\"target\":[\"https:\\\/\\\/www.connectus.sk\\\/udrzatelnost-a-zelensi-zivot-kopcany\\\/\"]}]},{\"@type\":\"ImageObject\",\"inLanguage\":\"en-GB\",\"@id\":\"https:\\\/\\\/www.connectus.sk\\\/udrzatelnost-a-zelensi-zivot-kopcany\\\/#primaryimage\",\"url\":\"https:\\\/\\\/www.connectus.sk\\\/wp-content\\\/uploads\\\/2025\\\/09\\\/Intercultural-Event.jpg\",\"contentUrl\":\"https:\\\/\\\/www.connectus.sk\\\/wp-content\\\/uploads\\\/2025\\\/09\\\/Intercultural-Event.jpg\",\"width\":2000,\"height\":1414},{\"@type\":\"BreadcrumbList\",\"@id\":\"https:\\\/\\\/www.connectus.sk\\\/udrzatelnost-a-zelensi-zivot-kopcany\\\/#breadcrumb\",\"itemListElement\":[{\"@type\":\"ListItem\",\"position\":1,\"name\":\"Home\",\"item\":\"https:\\\/\\\/www.connectus.sk\\\/\"},{\"@type\":\"ListItem\",\"position\":2,\"name\":\"Udr\u017eate\u013enos\u0165 a zelen\u0161\u00ed \u017eivot, Kop\u010dany\"}]},{\"@type\":\"WebSite\",\"@id\":\"https:\\\/\\\/www.connectus.sk\\\/#website\",\"url\":\"https:\\\/\\\/www.connectus.sk\\\/\",\"name\":\"Connectus Slovensko\",\"description\":\"Our aim is to connect\",\"publisher\":{\"@id\":\"https:\\\/\\\/www.connectus.sk\\\/#organization\"},\"potentialAction\":[{\"@type\":\"SearchAction\",\"target\":{\"@type\":\"EntryPoint\",\"urlTemplate\":\"https:\\\/\\\/www.connectus.sk\\\/?s={search_term_string}\"},\"query-input\":{\"@type\":\"PropertyValueSpecification\",\"valueRequired\":true,\"valueName\":\"search_term_string\"}}],\"inLanguage\":\"en-GB\"},{\"@type\":\"Organization\",\"@id\":\"https:\\\/\\\/www.connectus.sk\\\/#organization\",\"name\":\"Connectus Slovensko\",\"url\":\"https:\\\/\\\/www.connectus.sk\\\/\",\"logo\":{\"@type\":\"ImageObject\",\"inLanguage\":\"en-GB\",\"@id\":\"https:\\\/\\\/www.connectus.sk\\\/#\\\/schema\\\/logo\\\/image\\\/\",\"url\":\"https:\\\/\\\/www.connectus.sk\\\/wp-content\\\/uploads\\\/2022\\\/10\\\/cropped-connect_us_without_background.png\",\"contentUrl\":\"https:\\\/\\\/www.connectus.sk\\\/wp-content\\\/uploads\\\/2022\\\/10\\\/cropped-connect_us_without_background.png\",\"width\":4961,\"height\":3508,\"caption\":\"Connectus Slovensko\"},\"image\":{\"@id\":\"https:\\\/\\\/www.connectus.sk\\\/#\\\/schema\\\/logo\\\/image\\\/\"}},{\"@type\":\"Person\",\"@id\":\"https:\\\/\\\/www.connectus.sk\\\/#\\\/schema\\\/person\\\/893e6e58e78e6cc7516bd6727ae093fd\",\"name\":\"Mandala_159\",\"image\":{\"@type\":\"ImageObject\",\"inLanguage\":\"en-GB\",\"@id\":\"https:\\\/\\\/secure.gravatar.com\\\/avatar\\\/bc6d076585a758b0f7eb1b179a98590f91cfb7a252c95abb56a741c2c711e1a1?s=96&d=mm&r=g\",\"url\":\"https:\\\/\\\/secure.gravatar.com\\\/avatar\\\/bc6d076585a758b0f7eb1b179a98590f91cfb7a252c95abb56a741c2c711e1a1?s=96&d=mm&r=g\",\"contentUrl\":\"https:\\\/\\\/secure.gravatar.com\\\/avatar\\\/bc6d076585a758b0f7eb1b179a98590f91cfb7a252c95abb56a741c2c711e1a1?s=96&d=mm&r=g\",\"caption\":\"Mandala_159\"},\"sameAs\":[\"https:\\\/\\\/www.connectus.sk\"],\"url\":\"https:\\\/\\\/www.connectus.sk\\\/en\\\/author\\\/mandala_159\\\/\"}]}<\/script>\n<!-- \/ Yoast SEO plugin. -->","yoast_head_json":{"title":"Udr\u017eate\u013enos\u0165 a zelen\u0161\u00ed \u017eivot, Kop\u010dany - Connectus Slovensko","robots":{"index":"index","follow":"follow","max-snippet":"max-snippet:-1","max-image-preview":"max-image-preview:large","max-video-preview":"max-video-preview:-1"},"canonical":"https:\/\/www.connectus.sk\/en\/udrzatelnost-a-zelensi-zivot-kopcany\/","og_locale":"en_GB","og_type":"article","og_title":"Udr\u017eate\u013enos\u0165 a zelen\u0161\u00ed \u017eivot, Kop\u010dany - Connectus Slovensko","og_description":"Ob\u010dianske zdru\u017eenie Connectus po tret\u00edkr\u00e1t realizuje dobrovo\u013en\u00edcky projekt \u201cUdr\u017eate\u013enos\u0165\u00a0a zelen\u0161\u00ed \u017eivot\u201d, ktor\u00fd sa tento rok kon\u00e1 po\u010das leta v priestoroch historick\u00e9ho \u017dreb\u010d\u00edna v\u00a0Kop\u010danoch.\u00a0Po\u010das mesiacov j\u00fal a august sa do projektu zapojili dvaja mlad\u00ed dobrovo\u013en\u00edci z Gruz\u00ednska \u2013 Luka a Nino. Ich aktivity s\u00fa zameran\u00e9 na podporu udr\u017eate\u013enosti, obnovu historick\u00fdch\u00a0priestorov a pomoc miestnej komunite. Dobrovo\u013en\u00edci sa [&hellip;]","og_url":"https:\/\/www.connectus.sk\/en\/udrzatelnost-a-zelensi-zivot-kopcany\/","og_site_name":"Connectus Slovensko","article_published_time":"2025-08-04T09:01:01+00:00","article_modified_time":"2025-09-09T09:11:14+00:00","og_image":[{"width":2000,"height":1414,"url":"https:\/\/www.connectus.sk\/wp-content\/uploads\/2025\/09\/Intercultural-Event.jpg","type":"image\/jpeg"}],"author":"Mandala_159","twitter_card":"summary_large_image","twitter_misc":{"Written by":"Mandala_159","Estimated reading time":"1 minute"},"schema":{"@context":"https:\/\/schema.org","@graph":[{"@type":"Article","@id":"https:\/\/www.connectus.sk\/udrzatelnost-a-zelensi-zivot-kopcany\/#article","isPartOf":{"@id":"https:\/\/www.connectus.sk\/udrzatelnost-a-zelensi-zivot-kopcany\/"},"author":{"name":"Mandala_159","@id":"https:\/\/www.connectus.sk\/#\/schema\/person\/893e6e58e78e6cc7516bd6727ae093fd"},"headline":"Udr\u017eate\u013enos\u0165 a zelen\u0161\u00ed \u017eivot, Kop\u010dany","datePublished":"2025-08-04T09:01:01+00:00","dateModified":"2025-09-09T09:11:14+00:00","mainEntityOfPage":{"@id":"https:\/\/www.connectus.sk\/udrzatelnost-a-zelensi-zivot-kopcany\/"},"wordCount":245,"publisher":{"@id":"https:\/\/www.connectus.sk\/#organization"},"image":{"@id":"https:\/\/www.connectus.sk\/udrzatelnost-a-zelensi-zivot-kopcany\/#primaryimage"},"thumbnailUrl":"https:\/\/www.connectus.sk\/wp-content\/uploads\/2025\/09\/Intercultural-Event.jpg","articleSection":["Novinky"],"inLanguage":"en-GB"},{"@type":"WebPage","@id":"https:\/\/www.connectus.sk\/udrzatelnost-a-zelensi-zivot-kopcany\/","url":"https:\/\/www.connectus.sk\/udrzatelnost-a-zelensi-zivot-kopcany\/","name":"Udr\u017eate\u013enos\u0165 a zelen\u0161\u00ed \u017eivot, Kop\u010dany - Connectus Slovensko","isPartOf":{"@id":"https:\/\/www.connectus.sk\/#website"},"primaryImageOfPage":{"@id":"https:\/\/www.connectus.sk\/udrzatelnost-a-zelensi-zivot-kopcany\/#primaryimage"},"image":{"@id":"https:\/\/www.connectus.sk\/udrzatelnost-a-zelensi-zivot-kopcany\/#primaryimage"},"thumbnailUrl":"https:\/\/www.connectus.sk\/wp-content\/uploads\/2025\/09\/Intercultural-Event.jpg","datePublished":"2025-08-04T09:01:01+00:00","dateModified":"2025-09-09T09:11:14+00:00","breadcrumb":{"@id":"https:\/\/www.connectus.sk\/udrzatelnost-a-zelensi-zivot-kopcany\/#breadcrumb"},"inLanguage":"en-GB","potentialAction":[{"@type":"ReadAction","target":["https:\/\/www.connectus.sk\/udrzatelnost-a-zelensi-zivot-kopcany\/"]}]},{"@type":"ImageObject","inLanguage":"en-GB","@id":"https:\/\/www.connectus.sk\/udrzatelnost-a-zelensi-zivot-kopcany\/#primaryimage","url":"https:\/\/www.connectus.sk\/wp-content\/uploads\/2025\/09\/Intercultural-Event.jpg","contentUrl":"https:\/\/www.connectus.sk\/wp-content\/uploads\/2025\/09\/Intercultural-Event.jpg","width":2000,"height":1414},{"@type":"BreadcrumbList","@id":"https:\/\/www.connectus.sk\/udrzatelnost-a-zelensi-zivot-kopcany\/#breadcrumb","itemListElement":[{"@type":"ListItem","position":1,"name":"Home","item":"https:\/\/www.connectus.sk\/"},{"@type":"ListItem","position":2,"name":"Udr\u017eate\u013enos\u0165 a zelen\u0161\u00ed \u017eivot, Kop\u010dany"}]},{"@type":"WebSite","@id":"https:\/\/www.connectus.sk\/#website","url":"https:\/\/www.connectus.sk\/","name":"Connectus Slovensko","description":"Our aim is to connect","publisher":{"@id":"https:\/\/www.connectus.sk\/#organization"},"potentialAction":[{"@type":"SearchAction","target":{"@type":"EntryPoint","urlTemplate":"https:\/\/www.connectus.sk\/?s={search_term_string}"},"query-input":{"@type":"PropertyValueSpecification","valueRequired":true,"valueName":"search_term_string"}}],"inLanguage":"en-GB"},{"@type":"Organization","@id":"https:\/\/www.connectus.sk\/#organization","name":"Connectus Slovensko","url":"https:\/\/www.connectus.sk\/","logo":{"@type":"ImageObject","inLanguage":"en-GB","@id":"https:\/\/www.connectus.sk\/#\/schema\/logo\/image\/","url":"https:\/\/www.connectus.sk\/wp-content\/uploads\/2022\/10\/cropped-connect_us_without_background.png","contentUrl":"https:\/\/www.connectus.sk\/wp-content\/uploads\/2022\/10\/cropped-connect_us_without_background.png","width":4961,"height":3508,"caption":"Connectus Slovensko"},"image":{"@id":"https:\/\/www.connectus.sk\/#\/schema\/logo\/image\/"}},{"@type":"Person","@id":"https:\/\/www.connectus.sk\/#\/schema\/person\/893e6e58e78e6cc7516bd6727ae093fd","name":"Mandala_159","image":{"@type":"ImageObject","inLanguage":"en-GB","@id":"https:\/\/secure.gravatar.com\/avatar\/bc6d076585a758b0f7eb1b179a98590f91cfb7a252c95abb56a741c2c711e1a1?s=96&d=mm&r=g","url":"https:\/\/secure.gravatar.com\/avatar\/bc6d076585a758b0f7eb1b179a98590f91cfb7a252c95abb56a741c2c711e1a1?s=96&d=mm&r=g","contentUrl":"https:\/\/secure.gravatar.com\/avatar\/bc6d076585a758b0f7eb1b179a98590f91cfb7a252c95abb56a741c2c711e1a1?s=96&d=mm&r=g","caption":"Mandala_159"},"sameAs":["https:\/\/www.connectus.sk"],"url":"https:\/\/www.connectus.sk\/en\/author\/mandala_159\/"}]}},"_links":{"self":[{"href":"https:\/\/www.connectus.sk\/en\/wp-json\/wp\/v2\/posts\/1901","targetHints":{"allow":["GET"]}}],"collection":[{"href":"https:\/\/www.connectus.sk\/en\/wp-json\/wp\/v2\/posts"}],"about":[{"href":"https:\/\/www.connectus.sk\/en\/wp-json\/wp\/v2\/types\/post"}],"author":[{"embeddable":true,"href":"https:\/\/www.connectus.sk\/en\/wp-json\/wp\/v2\/users\/1"}],"replies":[{"embeddable":true,"href":"https:\/\/www.connectus.sk\/en\/wp-json\/wp\/v2\/comments?post=1901"}],"version-history":[{"count":6,"href":"https:\/\/www.connectus.sk\/en\/wp-json\/wp\/v2\/posts\/1901\/revisions"}],"predecessor-version":[{"id":1919,"href":"https:\/\/www.connectus.sk\/en\/wp-json\/wp\/v2\/posts\/1901\/revisions\/1919"}],"wp:featuredmedia":[{"embeddable":true,"href":"https:\/\/www.connectus.sk\/en\/wp-json\/wp\/v2\/media\/1903"}],"wp:attachment":[{"href":"https:\/\/www.connectus.sk\/en\/wp-json\/wp\/v2\/media?parent=1901"}],"wp:term":[{"taxonomy":"category","embeddable":true,"href":"https:\/\/www.connectus.sk\/en\/wp-json\/wp\/v2\/categories?post=1901"},{"taxonomy":"post_tag","embeddable":true,"href":"https:\/\/www.connectus.sk\/en\/wp-json\/wp\/v2\/tags?post=1901"}],"curies":[{"name":"wp","href":"https:\/\/api.w.org\/{rel}","templated":true}]}}