{"id":2188,"date":"2025-12-22T00:35:19","date_gmt":"2025-12-21T23:35:19","guid":{"rendered":"https:\/\/www.connectus.sk\/?p=2188"},"modified":"2025-12-22T00:37:13","modified_gmt":"2025-12-21T23:37:13","slug":"ruckenwind-2025-v-innsbrucku","status":"publish","type":"post","link":"https:\/\/www.connectus.sk\/en\/ruckenwind-2025-v-innsbrucku\/","title":{"rendered":"R\u00fcckenwind 2025 v Innsbruck, Austria"},"content":{"rendered":"<div data-elementor-type=\"wp-post\" data-elementor-id=\"2188\" class=\"elementor elementor-2188\" data-elementor-post-type=\"post\">\n\t\t\t\t\t\t<section class=\"elementor-section elementor-top-section elementor-element elementor-element-6a8a224d elementor-section-boxed elementor-section-height-default elementor-section-height-default\" data-id=\"6a8a224d\" data-element_type=\"section\" data-e-type=\"section\">\n\t\t\t\t\t\t<div class=\"elementor-container elementor-column-gap-default\">\n\t\t\t\t\t<div class=\"elementor-column elementor-col-100 elementor-top-column elementor-element elementor-element-601a5023\" data-id=\"601a5023\" data-element_type=\"column\" data-e-type=\"column\">\n\t\t\t<div class=\"elementor-widget-wrap elementor-element-populated\">\n\t\t\t\t\t\t<div class=\"elementor-element elementor-element-2f34aeee elementor-widget elementor-widget-text-editor\" data-id=\"2f34aeee\" data-element_type=\"widget\" data-e-type=\"widget\" data-widget_type=\"text-editor.default\">\n\t\t\t\t<div class=\"elementor-widget-container\">\n\t\t\t\t\t\t\t\t\t\n<p>V d\u0148och <strong>10. \u2013 14. febru\u00e1ra 2025<\/strong> sme mali mo\u017enos\u0165 z\u00fa\u010dastni\u0165 sa semin\u00e1ra <strong>R\u00fcckenwind 2025<\/strong> v <strong>Innsbrucku (Rak\u00fasko)<\/strong>, ktor\u00fd organizovala organiz\u00e1cia <strong>Cubic<\/strong>. Stretnutie spojilo nad\u0161en\u00fdch partnerov z <strong>Holandska, Talianska, Nemecka, N\u00f3rska, Malty a Slovenska<\/strong>, zameran\u00fdch na v\u00fdmenu sk\u00fasenost\u00ed, zlep\u0161ovanie kvality a formovanie bud\u00facnosti <strong>ml\u00e1de\u017en\u00edckej pr\u00e1ce<\/strong> v Eur\u00f3pe. <\/p>\n\n\n\n<p>Diskutovali sme o mo\u017enostiach roz\u0161irovania spolupr\u00e1ce prostredn\u00edctvom programov <strong>Erasmus+<\/strong>, najm\u00e4 v oblasti <strong>ml\u00e1de\u017en\u00edckych v\u00fdmien pre mlad\u00fdch \u013eud\u00ed s men\u0161\u00edmi pr\u00edle\u017eitos\u0165ami<\/strong>, a tie\u017e o <strong>soci\u00e1lnom dopade programu European Solidarity Corps<\/strong>.<\/p>\n\n\n\n<p>Jedn\u00fdm z najzauj\u00edmavej\u0161\u00edch momentov bol <strong>\u201eProject Bazaar\u201c<\/strong>, po\u010das ktor\u00e9ho sme predstavili na\u0161e iniciat\u00edvy miestnym mlad\u00fdm \u013eu\u010fom. S\u00fa\u010das\u0165ou programu boli aj in\u0161pirat\u00edvne diskusie o <strong>inkl\u00fazii, projektovom mana\u017emente a strat\u00e9gi\u00e1ch na soci\u00e1lnych sie\u0165ach<\/strong>.<\/p>\n\n\n\n<p>Nezabudnute\u013en\u00fdm z\u00e1\u017eitkom bola aj <strong>Cycling Cinema Night<\/strong> \u2013 origin\u00e1lny sp\u00f4sob, ako si odd\u00fdchnu\u0165, zabavi\u0165 sa a nadviaza\u0165 kontakt s miestnou komunitou.<\/p>\n\n\n\n<p>Zo semin\u00e1ra sme si odniesli <strong>nov\u00e9 n\u00e1pady, motiv\u00e1ciu a mno\u017estvo in\u0161pirat\u00edvnych kontaktov<\/strong>. Te\u0161\u00edme sa na bud\u00face spolupr\u00e1ce a na to, ako spolo\u010dn\u00fdmi silami posunieme na\u0161e projekty na vy\u0161\u0161iu \u00farove\u0148! <\/p>\n\n\n\n<p><\/p>\n\t\t\t\t\t\t\t\t<\/div>\n\t\t\t\t<\/div>\n\t\t\t\t<div class=\"elementor-element elementor-element-a68eb71 elementor-widget elementor-widget-image\" data-id=\"a68eb71\" data-element_type=\"widget\" data-e-type=\"widget\" data-widget_type=\"image.default\">\n\t\t\t\t<div class=\"elementor-widget-container\">\n\t\t\t\t\t\t\t\t\t\t\t\t\t\t\t<img fetchpriority=\"high\" decoding=\"async\" width=\"436\" height=\"115\" src=\"https:\/\/www.connectus.sk\/wp-content\/uploads\/2025\/12\/index-1.png\" class=\"attachment-large size-large wp-image-2091\" alt=\"\" srcset=\"https:\/\/www.connectus.sk\/wp-content\/uploads\/2025\/12\/index-1.png 436w, https:\/\/www.connectus.sk\/wp-content\/uploads\/2025\/12\/index-1-300x79.png 300w, https:\/\/www.connectus.sk\/wp-content\/uploads\/2025\/12\/index-1-18x5.png 18w\" sizes=\"(max-width: 436px) 100vw, 436px\" \/>\t\t\t\t\t\t\t\t\t\t\t\t\t\t\t<\/div>\n\t\t\t\t<\/div>\n\t\t\t\t\t<\/div>\n\t\t<\/div>\n\t\t\t\t\t<\/div>\n\t\t<\/section>\n\t\t\t\t<section class=\"elementor-section elementor-top-section elementor-element elementor-element-6a3803e elementor-section-boxed elementor-section-height-default elementor-section-height-default\" data-id=\"6a3803e\" data-element_type=\"section\" data-e-type=\"section\">\n\t\t\t\t\t\t<div class=\"elementor-container elementor-column-gap-default\">\n\t\t\t\t\t<div class=\"elementor-column elementor-col-100 elementor-top-column elementor-element elementor-element-6482286\" data-id=\"6482286\" data-element_type=\"column\" data-e-type=\"column\">\n\t\t\t<div class=\"elementor-widget-wrap elementor-element-populated\">\n\t\t\t\t\t\t<div class=\"elementor-element elementor-element-364baaa elementor-widget elementor-widget-gallery\" data-id=\"364baaa\" data-element_type=\"widget\" data-e-type=\"widget\" data-settings=\"{&quot;gallery_layout&quot;:&quot;justified&quot;,&quot;lazyload&quot;:&quot;yes&quot;,&quot;ideal_row_height&quot;:{&quot;unit&quot;:&quot;px&quot;,&quot;size&quot;:200,&quot;sizes&quot;:[]},&quot;ideal_row_height_tablet&quot;:{&quot;unit&quot;:&quot;px&quot;,&quot;size&quot;:150,&quot;sizes&quot;:[]},&quot;ideal_row_height_mobile&quot;:{&quot;unit&quot;:&quot;px&quot;,&quot;size&quot;:150,&quot;sizes&quot;:[]},&quot;gap&quot;:{&quot;unit&quot;:&quot;px&quot;,&quot;size&quot;:10,&quot;sizes&quot;:[]},&quot;gap_tablet&quot;:{&quot;unit&quot;:&quot;px&quot;,&quot;size&quot;:10,&quot;sizes&quot;:[]},&quot;gap_mobile&quot;:{&quot;unit&quot;:&quot;px&quot;,&quot;size&quot;:10,&quot;sizes&quot;:[]},&quot;link_to&quot;:&quot;file&quot;,&quot;overlay_background&quot;:&quot;yes&quot;,&quot;content_hover_animation&quot;:&quot;fade-in&quot;}\" data-widget_type=\"gallery.default\">\n\t\t\t\t<div class=\"elementor-widget-container\">\n\t\t\t\t\t\t\t<div class=\"elementor-gallery__container\">\n\t\t\t\t\t\t\t<a class=\"e-gallery-item elementor-gallery-item elementor-animated-content\" href=\"https:\/\/www.connectus.sk\/wp-content\/uploads\/2025\/12\/486153221_680001341417084_1809180707556996846_n.jpg\" data-elementor-open-lightbox=\"yes\" data-elementor-lightbox-slideshow=\"364baaa\" data-e-action-hash=\"#elementor-action%3Aaction%3Dlightbox%26settings%3DeyJpZCI6MjE5MCwidXJsIjoiaHR0cHM6XC9cL3d3dy5jb25uZWN0dXMuc2tcL3dwLWNvbnRlbnRcL3VwbG9hZHNcLzIwMjVcLzEyXC80ODYxNTMyMjFfNjgwMDAxMzQxNDE3MDg0XzE4MDkxODA3MDc1NTY5OTY4NDZfbi5qcGciLCJzbGlkZXNob3ciOiIzNjRiYWFhIn0%3D\">\n\t\t\t\t\t<div class=\"e-gallery-image elementor-gallery-item__image\" data-thumbnail=\"https:\/\/www.connectus.sk\/wp-content\/uploads\/2025\/12\/486153221_680001341417084_1809180707556996846_n-1536x709.jpg\" data-width=\"1536\" data-height=\"709\" aria-label=\"\" role=\"img\" ><\/div>\n\t\t\t\t\t\t\t\t\t\t\t<div class=\"elementor-gallery-item__overlay\"><\/div>\n\t\t\t\t\t\t\t\t\t\t\t\t\t\t<\/a>\n\t\t\t\t\t\t\t<a class=\"e-gallery-item elementor-gallery-item elementor-animated-content\" href=\"https:\/\/www.connectus.sk\/wp-content\/uploads\/2025\/12\/486364203_680001334750418_8943231401358523984_n.jpg\" data-elementor-open-lightbox=\"yes\" data-elementor-lightbox-slideshow=\"364baaa\" data-e-action-hash=\"#elementor-action%3Aaction%3Dlightbox%26settings%3DeyJpZCI6MjE5MSwidXJsIjoiaHR0cHM6XC9cL3d3dy5jb25uZWN0dXMuc2tcL3dwLWNvbnRlbnRcL3VwbG9hZHNcLzIwMjVcLzEyXC80ODYzNjQyMDNfNjgwMDAxMzM0NzUwNDE4Xzg5NDMyMzE0MDEzNTg1MjM5ODRfbi5qcGciLCJzbGlkZXNob3ciOiIzNjRiYWFhIn0%3D\">\n\t\t\t\t\t<div class=\"e-gallery-image elementor-gallery-item__image\" data-thumbnail=\"https:\/\/www.connectus.sk\/wp-content\/uploads\/2025\/12\/486364203_680001334750418_8943231401358523984_n-1536x709.jpg\" data-width=\"1536\" data-height=\"709\" aria-label=\"\" role=\"img\" ><\/div>\n\t\t\t\t\t\t\t\t\t\t\t<div class=\"elementor-gallery-item__overlay\"><\/div>\n\t\t\t\t\t\t\t\t\t\t\t\t\t\t<\/a>\n\t\t\t\t\t\t\t<a class=\"e-gallery-item elementor-gallery-item elementor-animated-content\" href=\"https:\/\/www.connectus.sk\/wp-content\/uploads\/2025\/12\/486605613_680001351417083_6127992571015778358_n.jpg\" data-elementor-open-lightbox=\"yes\" data-elementor-lightbox-slideshow=\"364baaa\" data-e-action-hash=\"#elementor-action%3Aaction%3Dlightbox%26settings%3DeyJpZCI6MjE5MiwidXJsIjoiaHR0cHM6XC9cL3d3dy5jb25uZWN0dXMuc2tcL3dwLWNvbnRlbnRcL3VwbG9hZHNcLzIwMjVcLzEyXC80ODY2MDU2MTNfNjgwMDAxMzUxNDE3MDgzXzYxMjc5OTI1NzEwMTU3NzgzNThfbi5qcGciLCJzbGlkZXNob3ciOiIzNjRiYWFhIn0%3D\">\n\t\t\t\t\t<div class=\"e-gallery-image elementor-gallery-item__image\" data-thumbnail=\"https:\/\/www.connectus.sk\/wp-content\/uploads\/2025\/12\/486605613_680001351417083_6127992571015778358_n-1536x1536.jpg\" data-width=\"1536\" data-height=\"1536\" aria-label=\"\" role=\"img\" ><\/div>\n\t\t\t\t\t\t\t\t\t\t\t<div class=\"elementor-gallery-item__overlay\"><\/div>\n\t\t\t\t\t\t\t\t\t\t\t\t\t\t<\/a>\n\t\t\t\t\t\t\t<a class=\"e-gallery-item elementor-gallery-item elementor-animated-content\" href=\"https:\/\/www.connectus.sk\/wp-content\/uploads\/2025\/12\/486614454_680001354750416_3232943200854074541_n.jpg\" data-elementor-open-lightbox=\"yes\" data-elementor-lightbox-slideshow=\"364baaa\" data-e-action-hash=\"#elementor-action%3Aaction%3Dlightbox%26settings%3DeyJpZCI6MjE5MywidXJsIjoiaHR0cHM6XC9cL3d3dy5jb25uZWN0dXMuc2tcL3dwLWNvbnRlbnRcL3VwbG9hZHNcLzIwMjVcLzEyXC80ODY2MTQ0NTRfNjgwMDAxMzU0NzUwNDE2XzMyMzI5NDMyMDA4NTQwNzQ1NDFfbi5qcGciLCJzbGlkZXNob3ciOiIzNjRiYWFhIn0%3D\">\n\t\t\t\t\t<div class=\"e-gallery-image elementor-gallery-item__image\" data-thumbnail=\"https:\/\/www.connectus.sk\/wp-content\/uploads\/2025\/12\/486614454_680001354750416_3232943200854074541_n-1536x1152.jpg\" data-width=\"1536\" data-height=\"1152\" aria-label=\"\" role=\"img\" ><\/div>\n\t\t\t\t\t\t\t\t\t\t\t<div class=\"elementor-gallery-item__overlay\"><\/div>\n\t\t\t\t\t\t\t\t\t\t\t\t\t\t<\/a>\n\t\t\t\t\t\t\t<a class=\"e-gallery-item elementor-gallery-item elementor-animated-content\" href=\"https:\/\/www.connectus.sk\/wp-content\/uploads\/2025\/12\/486647134_680001414750410_7754337820106504939_n.jpg\" data-elementor-open-lightbox=\"yes\" data-elementor-lightbox-slideshow=\"364baaa\" data-e-action-hash=\"#elementor-action%3Aaction%3Dlightbox%26settings%3DeyJpZCI6MjE5NCwidXJsIjoiaHR0cHM6XC9cL3d3dy5jb25uZWN0dXMuc2tcL3dwLWNvbnRlbnRcL3VwbG9hZHNcLzIwMjVcLzEyXC80ODY2NDcxMzRfNjgwMDAxNDE0NzUwNDEwXzc3NTQzMzc4MjAxMDY1MDQ5Mzlfbi5qcGciLCJzbGlkZXNob3ciOiIzNjRiYWFhIn0%3D\">\n\t\t\t\t\t<div class=\"e-gallery-image elementor-gallery-item__image\" data-thumbnail=\"https:\/\/www.connectus.sk\/wp-content\/uploads\/2025\/12\/486647134_680001414750410_7754337820106504939_n-1536x709.jpg\" data-width=\"1536\" data-height=\"709\" aria-label=\"\" role=\"img\" ><\/div>\n\t\t\t\t\t\t\t\t\t\t\t<div class=\"elementor-gallery-item__overlay\"><\/div>\n\t\t\t\t\t\t\t\t\t\t\t\t\t\t<\/a>\n\t\t\t\t\t<\/div>\n\t\t\t\t\t<\/div>\n\t\t\t\t<\/div>\n\t\t\t\t\t<\/div>\n\t\t<\/div>\n\t\t\t\t\t<\/div>\n\t\t<\/section>\n\t\t\t\t<\/div>","protected":false},"excerpt":{"rendered":"<p>V d\u0148och 10. \u2013 14. febru\u00e1ra 2025 sme mali mo\u017enos\u0165 z\u00fa\u010dastni\u0165 sa semin\u00e1ra R\u00fcckenwind 2025 v Innsbrucku (Rak\u00fasko), ktor\u00fd organizovala organiz\u00e1cia Cubic. Stretnutie spojilo nad\u0161en\u00fdch partnerov z Holandska, Talianska, Nemecka, N\u00f3rska, Malty a Slovenska, zameran\u00fdch na v\u00fdmenu sk\u00fasenost\u00ed, zlep\u0161ovanie kvality a formovanie bud\u00facnosti ml\u00e1de\u017en\u00edckej pr\u00e1ce v Eur\u00f3pe. Diskutovali sme o mo\u017enostiach roz\u0161irovania spolupr\u00e1ce prostredn\u00edctvom programov [&hellip;]<\/p>","protected":false},"author":4,"featured_media":2189,"comment_status":"closed","ping_status":"closed","sticky":false,"template":"","format":"standard","meta":{"footnotes":""},"categories":[1],"tags":[],"class_list":["post-2188","post","type-post","status-publish","format-standard","has-post-thumbnail","hentry","category-nezaradene"],"yoast_head":"<!-- This site is optimized with the Yoast SEO plugin v27.5 - https:\/\/yoast.com\/product\/yoast-seo-wordpress\/ -->\n<title>R\u00fcckenwind 2025 v Innsbrucku - Connectus Slovensko<\/title>\n<meta name=\"robots\" content=\"index, follow, max-snippet:-1, max-image-preview:large, max-video-preview:-1\" \/>\n<link rel=\"canonical\" href=\"https:\/\/www.connectus.sk\/en\/ruckenwind-2025-v-innsbrucku\/\" \/>\n<meta property=\"og:locale\" content=\"en_GB\" \/>\n<meta property=\"og:type\" content=\"article\" \/>\n<meta property=\"og:title\" content=\"R\u00fcckenwind 2025 v Innsbrucku - Connectus Slovensko\" \/>\n<meta property=\"og:description\" content=\"V d\u0148och 10. \u2013 14. febru\u00e1ra 2025 sme mali mo\u017enos\u0165 z\u00fa\u010dastni\u0165 sa semin\u00e1ra R\u00fcckenwind 2025 v Innsbrucku (Rak\u00fasko), ktor\u00fd organizovala organiz\u00e1cia Cubic. Stretnutie spojilo nad\u0161en\u00fdch partnerov z Holandska, Talianska, Nemecka, N\u00f3rska, Malty a Slovenska, zameran\u00fdch na v\u00fdmenu sk\u00fasenost\u00ed, zlep\u0161ovanie kvality a formovanie bud\u00facnosti ml\u00e1de\u017en\u00edckej pr\u00e1ce v Eur\u00f3pe. Diskutovali sme o mo\u017enostiach roz\u0161irovania spolupr\u00e1ce prostredn\u00edctvom programov [&hellip;]\" \/>\n<meta property=\"og:url\" content=\"https:\/\/www.connectus.sk\/en\/ruckenwind-2025-v-innsbrucku\/\" \/>\n<meta property=\"og:site_name\" content=\"Connectus Slovensko\" \/>\n<meta property=\"article:published_time\" content=\"2025-12-21T23:35:19+00:00\" \/>\n<meta property=\"article:modified_time\" content=\"2025-12-21T23:37:13+00:00\" \/>\n<meta property=\"og:image\" content=\"https:\/\/www.connectus.sk\/wp-content\/uploads\/2025\/12\/485946323_680001358083749_3507122519678945264_n.jpg\" \/>\n\t<meta property=\"og:image:width\" content=\"2048\" \/>\n\t<meta property=\"og:image:height\" content=\"1835\" \/>\n\t<meta property=\"og:image:type\" content=\"image\/jpeg\" \/>\n<meta name=\"author\" content=\"Marian C.\" \/>\n<meta name=\"twitter:card\" content=\"summary_large_image\" \/>\n<meta name=\"twitter:label1\" content=\"Written by\" \/>\n\t<meta name=\"twitter:data1\" content=\"Marian C.\" \/>\n\t<meta name=\"twitter:label2\" content=\"Estimated reading time\" \/>\n\t<meta name=\"twitter:data2\" content=\"2 minutes\" \/>\n<script type=\"application\/ld+json\" class=\"yoast-schema-graph\">{\"@context\":\"https:\\\/\\\/schema.org\",\"@graph\":[{\"@type\":\"Article\",\"@id\":\"https:\\\/\\\/www.connectus.sk\\\/ruckenwind-2025-v-innsbrucku\\\/#article\",\"isPartOf\":{\"@id\":\"https:\\\/\\\/www.connectus.sk\\\/ruckenwind-2025-v-innsbrucku\\\/\"},\"author\":{\"name\":\"Marian C.\",\"@id\":\"https:\\\/\\\/www.connectus.sk\\\/#\\\/schema\\\/person\\\/e94f43f0566598eaf0d309df65186c7e\"},\"headline\":\"R\u00fcckenwind 2025 v Innsbrucku\",\"datePublished\":\"2025-12-21T23:35:19+00:00\",\"dateModified\":\"2025-12-21T23:37:13+00:00\",\"mainEntityOfPage\":{\"@id\":\"https:\\\/\\\/www.connectus.sk\\\/ruckenwind-2025-v-innsbrucku\\\/\"},\"wordCount\":228,\"publisher\":{\"@id\":\"https:\\\/\\\/www.connectus.sk\\\/#organization\"},\"image\":{\"@id\":\"https:\\\/\\\/www.connectus.sk\\\/ruckenwind-2025-v-innsbrucku\\\/#primaryimage\"},\"thumbnailUrl\":\"https:\\\/\\\/www.connectus.sk\\\/wp-content\\\/uploads\\\/2025\\\/12\\\/485946323_680001358083749_3507122519678945264_n.jpg\",\"articleSection\":[\"Nezaraden\u00e9\"],\"inLanguage\":\"en-GB\"},{\"@type\":\"WebPage\",\"@id\":\"https:\\\/\\\/www.connectus.sk\\\/ruckenwind-2025-v-innsbrucku\\\/\",\"url\":\"https:\\\/\\\/www.connectus.sk\\\/ruckenwind-2025-v-innsbrucku\\\/\",\"name\":\"R\u00fcckenwind 2025 v Innsbrucku - Connectus Slovensko\",\"isPartOf\":{\"@id\":\"https:\\\/\\\/www.connectus.sk\\\/#website\"},\"primaryImageOfPage\":{\"@id\":\"https:\\\/\\\/www.connectus.sk\\\/ruckenwind-2025-v-innsbrucku\\\/#primaryimage\"},\"image\":{\"@id\":\"https:\\\/\\\/www.connectus.sk\\\/ruckenwind-2025-v-innsbrucku\\\/#primaryimage\"},\"thumbnailUrl\":\"https:\\\/\\\/www.connectus.sk\\\/wp-content\\\/uploads\\\/2025\\\/12\\\/485946323_680001358083749_3507122519678945264_n.jpg\",\"datePublished\":\"2025-12-21T23:35:19+00:00\",\"dateModified\":\"2025-12-21T23:37:13+00:00\",\"breadcrumb\":{\"@id\":\"https:\\\/\\\/www.connectus.sk\\\/ruckenwind-2025-v-innsbrucku\\\/#breadcrumb\"},\"inLanguage\":\"en-GB\",\"potentialAction\":[{\"@type\":\"ReadAction\",\"target\":[\"https:\\\/\\\/www.connectus.sk\\\/ruckenwind-2025-v-innsbrucku\\\/\"]}]},{\"@type\":\"ImageObject\",\"inLanguage\":\"en-GB\",\"@id\":\"https:\\\/\\\/www.connectus.sk\\\/ruckenwind-2025-v-innsbrucku\\\/#primaryimage\",\"url\":\"https:\\\/\\\/www.connectus.sk\\\/wp-content\\\/uploads\\\/2025\\\/12\\\/485946323_680001358083749_3507122519678945264_n.jpg\",\"contentUrl\":\"https:\\\/\\\/www.connectus.sk\\\/wp-content\\\/uploads\\\/2025\\\/12\\\/485946323_680001358083749_3507122519678945264_n.jpg\",\"width\":2048,\"height\":1835},{\"@type\":\"BreadcrumbList\",\"@id\":\"https:\\\/\\\/www.connectus.sk\\\/ruckenwind-2025-v-innsbrucku\\\/#breadcrumb\",\"itemListElement\":[{\"@type\":\"ListItem\",\"position\":1,\"name\":\"Home\",\"item\":\"https:\\\/\\\/www.connectus.sk\\\/\"},{\"@type\":\"ListItem\",\"position\":2,\"name\":\"R\u00fcckenwind 2025 v Innsbrucku\"}]},{\"@type\":\"WebSite\",\"@id\":\"https:\\\/\\\/www.connectus.sk\\\/#website\",\"url\":\"https:\\\/\\\/www.connectus.sk\\\/\",\"name\":\"Connectus Slovensko\",\"description\":\"Our aim is to connect\",\"publisher\":{\"@id\":\"https:\\\/\\\/www.connectus.sk\\\/#organization\"},\"potentialAction\":[{\"@type\":\"SearchAction\",\"target\":{\"@type\":\"EntryPoint\",\"urlTemplate\":\"https:\\\/\\\/www.connectus.sk\\\/?s={search_term_string}\"},\"query-input\":{\"@type\":\"PropertyValueSpecification\",\"valueRequired\":true,\"valueName\":\"search_term_string\"}}],\"inLanguage\":\"en-GB\"},{\"@type\":\"Organization\",\"@id\":\"https:\\\/\\\/www.connectus.sk\\\/#organization\",\"name\":\"Connectus Slovensko\",\"url\":\"https:\\\/\\\/www.connectus.sk\\\/\",\"logo\":{\"@type\":\"ImageObject\",\"inLanguage\":\"en-GB\",\"@id\":\"https:\\\/\\\/www.connectus.sk\\\/#\\\/schema\\\/logo\\\/image\\\/\",\"url\":\"https:\\\/\\\/www.connectus.sk\\\/wp-content\\\/uploads\\\/2022\\\/10\\\/cropped-connect_us_without_background.png\",\"contentUrl\":\"https:\\\/\\\/www.connectus.sk\\\/wp-content\\\/uploads\\\/2022\\\/10\\\/cropped-connect_us_without_background.png\",\"width\":4961,\"height\":3508,\"caption\":\"Connectus Slovensko\"},\"image\":{\"@id\":\"https:\\\/\\\/www.connectus.sk\\\/#\\\/schema\\\/logo\\\/image\\\/\"}},{\"@type\":\"Person\",\"@id\":\"https:\\\/\\\/www.connectus.sk\\\/#\\\/schema\\\/person\\\/e94f43f0566598eaf0d309df65186c7e\",\"name\":\"Marian C.\",\"image\":{\"@type\":\"ImageObject\",\"inLanguage\":\"en-GB\",\"@id\":\"https:\\\/\\\/secure.gravatar.com\\\/avatar\\\/271e013142c7ca59e296041ad5f7aea5c6df6e3c9509e65ad30c63d6451c19ca?s=96&d=mm&r=g\",\"url\":\"https:\\\/\\\/secure.gravatar.com\\\/avatar\\\/271e013142c7ca59e296041ad5f7aea5c6df6e3c9509e65ad30c63d6451c19ca?s=96&d=mm&r=g\",\"contentUrl\":\"https:\\\/\\\/secure.gravatar.com\\\/avatar\\\/271e013142c7ca59e296041ad5f7aea5c6df6e3c9509e65ad30c63d6451c19ca?s=96&d=mm&r=g\",\"caption\":\"Marian C.\"},\"url\":\"https:\\\/\\\/www.connectus.sk\\\/en\\\/author\\\/martinus_68\\\/\"}]}<\/script>\n<!-- \/ Yoast SEO plugin. -->","yoast_head_json":{"title":"R\u00fcckenwind 2025 v Innsbrucku - Connectus Slovensko","robots":{"index":"index","follow":"follow","max-snippet":"max-snippet:-1","max-image-preview":"max-image-preview:large","max-video-preview":"max-video-preview:-1"},"canonical":"https:\/\/www.connectus.sk\/en\/ruckenwind-2025-v-innsbrucku\/","og_locale":"en_GB","og_type":"article","og_title":"R\u00fcckenwind 2025 v Innsbrucku - Connectus Slovensko","og_description":"V d\u0148och 10. \u2013 14. febru\u00e1ra 2025 sme mali mo\u017enos\u0165 z\u00fa\u010dastni\u0165 sa semin\u00e1ra R\u00fcckenwind 2025 v Innsbrucku (Rak\u00fasko), ktor\u00fd organizovala organiz\u00e1cia Cubic. Stretnutie spojilo nad\u0161en\u00fdch partnerov z Holandska, Talianska, Nemecka, N\u00f3rska, Malty a Slovenska, zameran\u00fdch na v\u00fdmenu sk\u00fasenost\u00ed, zlep\u0161ovanie kvality a formovanie bud\u00facnosti ml\u00e1de\u017en\u00edckej pr\u00e1ce v Eur\u00f3pe. Diskutovali sme o mo\u017enostiach roz\u0161irovania spolupr\u00e1ce prostredn\u00edctvom programov [&hellip;]","og_url":"https:\/\/www.connectus.sk\/en\/ruckenwind-2025-v-innsbrucku\/","og_site_name":"Connectus Slovensko","article_published_time":"2025-12-21T23:35:19+00:00","article_modified_time":"2025-12-21T23:37:13+00:00","og_image":[{"width":2048,"height":1835,"url":"https:\/\/www.connectus.sk\/wp-content\/uploads\/2025\/12\/485946323_680001358083749_3507122519678945264_n.jpg","type":"image\/jpeg"}],"author":"Marian C.","twitter_card":"summary_large_image","twitter_misc":{"Written by":"Marian C.","Estimated reading time":"2 minutes"},"schema":{"@context":"https:\/\/schema.org","@graph":[{"@type":"Article","@id":"https:\/\/www.connectus.sk\/ruckenwind-2025-v-innsbrucku\/#article","isPartOf":{"@id":"https:\/\/www.connectus.sk\/ruckenwind-2025-v-innsbrucku\/"},"author":{"name":"Marian C.","@id":"https:\/\/www.connectus.sk\/#\/schema\/person\/e94f43f0566598eaf0d309df65186c7e"},"headline":"R\u00fcckenwind 2025 v Innsbrucku","datePublished":"2025-12-21T23:35:19+00:00","dateModified":"2025-12-21T23:37:13+00:00","mainEntityOfPage":{"@id":"https:\/\/www.connectus.sk\/ruckenwind-2025-v-innsbrucku\/"},"wordCount":228,"publisher":{"@id":"https:\/\/www.connectus.sk\/#organization"},"image":{"@id":"https:\/\/www.connectus.sk\/ruckenwind-2025-v-innsbrucku\/#primaryimage"},"thumbnailUrl":"https:\/\/www.connectus.sk\/wp-content\/uploads\/2025\/12\/485946323_680001358083749_3507122519678945264_n.jpg","articleSection":["Nezaraden\u00e9"],"inLanguage":"en-GB"},{"@type":"WebPage","@id":"https:\/\/www.connectus.sk\/ruckenwind-2025-v-innsbrucku\/","url":"https:\/\/www.connectus.sk\/ruckenwind-2025-v-innsbrucku\/","name":"R\u00fcckenwind 2025 v Innsbrucku - Connectus Slovensko","isPartOf":{"@id":"https:\/\/www.connectus.sk\/#website"},"primaryImageOfPage":{"@id":"https:\/\/www.connectus.sk\/ruckenwind-2025-v-innsbrucku\/#primaryimage"},"image":{"@id":"https:\/\/www.connectus.sk\/ruckenwind-2025-v-innsbrucku\/#primaryimage"},"thumbnailUrl":"https:\/\/www.connectus.sk\/wp-content\/uploads\/2025\/12\/485946323_680001358083749_3507122519678945264_n.jpg","datePublished":"2025-12-21T23:35:19+00:00","dateModified":"2025-12-21T23:37:13+00:00","breadcrumb":{"@id":"https:\/\/www.connectus.sk\/ruckenwind-2025-v-innsbrucku\/#breadcrumb"},"inLanguage":"en-GB","potentialAction":[{"@type":"ReadAction","target":["https:\/\/www.connectus.sk\/ruckenwind-2025-v-innsbrucku\/"]}]},{"@type":"ImageObject","inLanguage":"en-GB","@id":"https:\/\/www.connectus.sk\/ruckenwind-2025-v-innsbrucku\/#primaryimage","url":"https:\/\/www.connectus.sk\/wp-content\/uploads\/2025\/12\/485946323_680001358083749_3507122519678945264_n.jpg","contentUrl":"https:\/\/www.connectus.sk\/wp-content\/uploads\/2025\/12\/485946323_680001358083749_3507122519678945264_n.jpg","width":2048,"height":1835},{"@type":"BreadcrumbList","@id":"https:\/\/www.connectus.sk\/ruckenwind-2025-v-innsbrucku\/#breadcrumb","itemListElement":[{"@type":"ListItem","position":1,"name":"Home","item":"https:\/\/www.connectus.sk\/"},{"@type":"ListItem","position":2,"name":"R\u00fcckenwind 2025 v Innsbrucku"}]},{"@type":"WebSite","@id":"https:\/\/www.connectus.sk\/#website","url":"https:\/\/www.connectus.sk\/","name":"Connectus Slovensko","description":"Our aim is to connect","publisher":{"@id":"https:\/\/www.connectus.sk\/#organization"},"potentialAction":[{"@type":"SearchAction","target":{"@type":"EntryPoint","urlTemplate":"https:\/\/www.connectus.sk\/?s={search_term_string}"},"query-input":{"@type":"PropertyValueSpecification","valueRequired":true,"valueName":"search_term_string"}}],"inLanguage":"en-GB"},{"@type":"Organization","@id":"https:\/\/www.connectus.sk\/#organization","name":"Connectus Slovensko","url":"https:\/\/www.connectus.sk\/","logo":{"@type":"ImageObject","inLanguage":"en-GB","@id":"https:\/\/www.connectus.sk\/#\/schema\/logo\/image\/","url":"https:\/\/www.connectus.sk\/wp-content\/uploads\/2022\/10\/cropped-connect_us_without_background.png","contentUrl":"https:\/\/www.connectus.sk\/wp-content\/uploads\/2022\/10\/cropped-connect_us_without_background.png","width":4961,"height":3508,"caption":"Connectus Slovensko"},"image":{"@id":"https:\/\/www.connectus.sk\/#\/schema\/logo\/image\/"}},{"@type":"Person","@id":"https:\/\/www.connectus.sk\/#\/schema\/person\/e94f43f0566598eaf0d309df65186c7e","name":"Marian C.","image":{"@type":"ImageObject","inLanguage":"en-GB","@id":"https:\/\/secure.gravatar.com\/avatar\/271e013142c7ca59e296041ad5f7aea5c6df6e3c9509e65ad30c63d6451c19ca?s=96&d=mm&r=g","url":"https:\/\/secure.gravatar.com\/avatar\/271e013142c7ca59e296041ad5f7aea5c6df6e3c9509e65ad30c63d6451c19ca?s=96&d=mm&r=g","contentUrl":"https:\/\/secure.gravatar.com\/avatar\/271e013142c7ca59e296041ad5f7aea5c6df6e3c9509e65ad30c63d6451c19ca?s=96&d=mm&r=g","caption":"Marian C."},"url":"https:\/\/www.connectus.sk\/en\/author\/martinus_68\/"}]}},"_links":{"self":[{"href":"https:\/\/www.connectus.sk\/en\/wp-json\/wp\/v2\/posts\/2188","targetHints":{"allow":["GET"]}}],"collection":[{"href":"https:\/\/www.connectus.sk\/en\/wp-json\/wp\/v2\/posts"}],"about":[{"href":"https:\/\/www.connectus.sk\/en\/wp-json\/wp\/v2\/types\/post"}],"author":[{"embeddable":true,"href":"https:\/\/www.connectus.sk\/en\/wp-json\/wp\/v2\/users\/4"}],"replies":[{"embeddable":true,"href":"https:\/\/www.connectus.sk\/en\/wp-json\/wp\/v2\/comments?post=2188"}],"version-history":[{"count":6,"href":"https:\/\/www.connectus.sk\/en\/wp-json\/wp\/v2\/posts\/2188\/revisions"}],"predecessor-version":[{"id":2201,"href":"https:\/\/www.connectus.sk\/en\/wp-json\/wp\/v2\/posts\/2188\/revisions\/2201"}],"wp:featuredmedia":[{"embeddable":true,"href":"https:\/\/www.connectus.sk\/en\/wp-json\/wp\/v2\/media\/2189"}],"wp:attachment":[{"href":"https:\/\/www.connectus.sk\/en\/wp-json\/wp\/v2\/media?parent=2188"}],"wp:term":[{"taxonomy":"category","embeddable":true,"href":"https:\/\/www.connectus.sk\/en\/wp-json\/wp\/v2\/categories?post=2188"},{"taxonomy":"post_tag","embeddable":true,"href":"https:\/\/www.connectus.sk\/en\/wp-json\/wp\/v2\/tags?post=2188"}],"curies":[{"name":"wp","href":"https:\/\/api.w.org\/{rel}","templated":true}]}}