{"id":2247,"date":"2026-03-22T17:37:55","date_gmt":"2026-03-22T16:37:55","guid":{"rendered":"https:\/\/www.connectus.sk\/?p=2247"},"modified":"2026-03-22T17:39:04","modified_gmt":"2026-03-22T16:39:04","slug":"skoliaci-seminar-me-the-leader-grecko-2023","status":"publish","type":"post","link":"https:\/\/www.connectus.sk\/en\/skoliaci-seminar-me-the-leader-grecko-2023\/","title":{"rendered":"\u0160koliaci semin\u00e1r Me the leader Gr\u00e9cko 2023"},"content":{"rendered":"<div data-elementor-type=\"wp-post\" data-elementor-id=\"2247\" class=\"elementor elementor-2247\" data-elementor-post-type=\"post\">\n\t\t\t\t\t\t<section class=\"elementor-section elementor-top-section elementor-element elementor-element-6276df29 elementor-section-boxed elementor-section-height-default elementor-section-height-default\" data-id=\"6276df29\" data-element_type=\"section\" data-e-type=\"section\">\n\t\t\t\t\t\t<div class=\"elementor-container elementor-column-gap-default\">\n\t\t\t\t\t<div class=\"elementor-column elementor-col-100 elementor-top-column elementor-element elementor-element-cb220d9\" data-id=\"cb220d9\" data-element_type=\"column\" data-e-type=\"column\">\n\t\t\t<div class=\"elementor-widget-wrap elementor-element-populated\">\n\t\t\t\t\t\t<div class=\"elementor-element elementor-element-3653bb79 elementor-widget elementor-widget-text-editor\" data-id=\"3653bb79\" data-element_type=\"widget\" data-e-type=\"widget\" data-widget_type=\"text-editor.default\">\n\t\t\t\t<div class=\"elementor-widget-container\">\n\t\t\t\t\t\t\t\t\t\n<p>\u0160koliaci semin\u00e1r \u201eMe the leader\u201c<\/p>\n\n\n\n<p>Ahoj, vol\u00e1m sa Anna a minul\u00fd t\u00fd\u017ede\u0148 som sa z\u00fa\u010dastnila projektu \u201eMe the leader\u201c v At\u00e9nach. Bola to pre m\u0148a fantastick\u00e1 sk\u00fasenos\u0165. Rozhovory s mlad\u00fdmi l\u00eddrami z celej Eur\u00f3py a stretnutie s mno\u017estvom mil\u00fdch \u013eud\u00ed boli naozaj in\u0161piruj\u00face. Ve\u013emi som sa pote\u0161ila, \u017ee som tieto z\u00e1\u017eitky mohla zdie\u013ea\u0165 s Ivanou, druhou slovenskou \u00fa\u010dastn\u00ed\u010dkou.<\/p>\n\n\n\n<p>T\u00e9ma projektu sa mi ve\u013emi p\u00e1\u010dila a interakt\u00edvne workshopy boli p\u00fatav\u00e9 a zauj\u00edmav\u00e9. Mali sme skvel\u00fdch tr\u00e9nerov: Ioannu, Grigorisa a Vasilisa. N\u00e1v\u0161teva At\u00e9n bola tie\u017e skvel\u00fdm z\u00e1\u017eitkom, v\u010faka ktor\u00e9mu som sa mohla o nie\u010do viac pribl\u00ed\u017ei\u0165 gr\u00e9ckej kult\u00fare. Napriek tomu, \u017ee sme mali m\u00e1lo \u010dasu, stihli sme si u\u017ei\u0165 aj kr\u00e1tke, ale kr\u00e1sne k\u00fapanie v mori.<\/p>\n\n\n\n<p>Na z\u00e1ver by som chcela po\u010fakova\u0165 organiz\u00e1cii \u201eYou in Europe\u201c za zorganizovanie projektu a organiz\u00e1cii \u201eConnectus\u201c za mo\u017enos\u0165 z\u00fa\u010dastni\u0165 sa na \u0148om.<\/p>\n\t\t\t\t\t\t\t\t<\/div>\n\t\t\t\t<\/div>\n\t\t\t\t<div class=\"elementor-element elementor-element-13f5437 elementor-widget elementor-widget-image\" data-id=\"13f5437\" data-element_type=\"widget\" data-e-type=\"widget\" data-widget_type=\"image.default\">\n\t\t\t\t<div class=\"elementor-widget-container\">\n\t\t\t\t\t\t\t\t\t\t\t\t\t\t\t<img fetchpriority=\"high\" decoding=\"async\" width=\"436\" height=\"115\" src=\"https:\/\/www.connectus.sk\/wp-content\/uploads\/2025\/12\/index-1.png\" class=\"attachment-large size-large wp-image-2091\" alt=\"\" srcset=\"https:\/\/www.connectus.sk\/wp-content\/uploads\/2025\/12\/index-1.png 436w, https:\/\/www.connectus.sk\/wp-content\/uploads\/2025\/12\/index-1-300x79.png 300w, https:\/\/www.connectus.sk\/wp-content\/uploads\/2025\/12\/index-1-18x5.png 18w\" sizes=\"(max-width: 436px) 100vw, 436px\" \/>\t\t\t\t\t\t\t\t\t\t\t\t\t\t\t<\/div>\n\t\t\t\t<\/div>\n\t\t\t\t\t<\/div>\n\t\t<\/div>\n\t\t\t\t\t<\/div>\n\t\t<\/section>\n\t\t\t\t<section class=\"elementor-section elementor-top-section elementor-element elementor-element-a6cccdf elementor-section-boxed elementor-section-height-default elementor-section-height-default\" data-id=\"a6cccdf\" data-element_type=\"section\" data-e-type=\"section\">\n\t\t\t\t\t\t<div class=\"elementor-container elementor-column-gap-default\">\n\t\t\t\t\t<div class=\"elementor-column elementor-col-100 elementor-top-column elementor-element elementor-element-9b81738\" data-id=\"9b81738\" data-element_type=\"column\" data-e-type=\"column\">\n\t\t\t<div class=\"elementor-widget-wrap elementor-element-populated\">\n\t\t\t\t\t\t<div class=\"elementor-element elementor-element-be5bccb elementor-widget elementor-widget-gallery\" data-id=\"be5bccb\" data-element_type=\"widget\" data-e-type=\"widget\" data-settings=\"{&quot;gallery_layout&quot;:&quot;justified&quot;,&quot;lazyload&quot;:&quot;yes&quot;,&quot;ideal_row_height&quot;:{&quot;unit&quot;:&quot;px&quot;,&quot;size&quot;:200,&quot;sizes&quot;:[]},&quot;ideal_row_height_tablet&quot;:{&quot;unit&quot;:&quot;px&quot;,&quot;size&quot;:150,&quot;sizes&quot;:[]},&quot;ideal_row_height_mobile&quot;:{&quot;unit&quot;:&quot;px&quot;,&quot;size&quot;:150,&quot;sizes&quot;:[]},&quot;gap&quot;:{&quot;unit&quot;:&quot;px&quot;,&quot;size&quot;:10,&quot;sizes&quot;:[]},&quot;gap_tablet&quot;:{&quot;unit&quot;:&quot;px&quot;,&quot;size&quot;:10,&quot;sizes&quot;:[]},&quot;gap_mobile&quot;:{&quot;unit&quot;:&quot;px&quot;,&quot;size&quot;:10,&quot;sizes&quot;:[]},&quot;link_to&quot;:&quot;file&quot;,&quot;overlay_background&quot;:&quot;yes&quot;,&quot;content_hover_animation&quot;:&quot;fade-in&quot;}\" data-widget_type=\"gallery.default\">\n\t\t\t\t<div class=\"elementor-widget-container\">\n\t\t\t\t\t\t\t<div class=\"elementor-gallery__container\">\n\t\t\t\t\t\t\t<a class=\"e-gallery-item elementor-gallery-item elementor-animated-content\" href=\"https:\/\/www.connectus.sk\/wp-content\/uploads\/2026\/03\/WhatsApp-Image-2026-03-22-at-17.33.59.jpeg\" data-elementor-open-lightbox=\"yes\" data-elementor-lightbox-slideshow=\"be5bccb\" data-e-action-hash=\"#elementor-action%3Aaction%3Dlightbox%26settings%3DeyJpZCI6MjI1MSwidXJsIjoiaHR0cHM6XC9cL3d3dy5jb25uZWN0dXMuc2tcL3dwLWNvbnRlbnRcL3VwbG9hZHNcLzIwMjZcLzAzXC9XaGF0c0FwcC1JbWFnZS0yMDI2LTAzLTIyLWF0LTE3LjMzLjU5LmpwZWciLCJzbGlkZXNob3ciOiJiZTViY2NiIn0%3D\">\n\t\t\t\t\t<div class=\"e-gallery-image elementor-gallery-item__image\" data-thumbnail=\"https:\/\/www.connectus.sk\/wp-content\/uploads\/2026\/03\/WhatsApp-Image-2026-03-22-at-17.33.59-300x300.jpeg\" data-width=\"300\" data-height=\"300\" aria-label=\"\" role=\"img\" ><\/div>\n\t\t\t\t\t\t\t\t\t\t\t<div class=\"elementor-gallery-item__overlay\"><\/div>\n\t\t\t\t\t\t\t\t\t\t\t\t\t\t<\/a>\n\t\t\t\t\t\t\t<a class=\"e-gallery-item elementor-gallery-item elementor-animated-content\" href=\"https:\/\/www.connectus.sk\/wp-content\/uploads\/2026\/03\/WhatsApp-Image-2026-03-22-at-17.33.5.jpeg\" data-elementor-open-lightbox=\"yes\" data-elementor-lightbox-slideshow=\"be5bccb\" data-e-action-hash=\"#elementor-action%3Aaction%3Dlightbox%26settings%3DeyJpZCI6MjI1MCwidXJsIjoiaHR0cHM6XC9cL3d3dy5jb25uZWN0dXMuc2tcL3dwLWNvbnRlbnRcL3VwbG9hZHNcLzIwMjZcLzAzXC9XaGF0c0FwcC1JbWFnZS0yMDI2LTAzLTIyLWF0LTE3LjMzLjUuanBlZyIsInNsaWRlc2hvdyI6ImJlNWJjY2IifQ%3D%3D\">\n\t\t\t\t\t<div class=\"e-gallery-image elementor-gallery-item__image\" data-thumbnail=\"https:\/\/www.connectus.sk\/wp-content\/uploads\/2026\/03\/WhatsApp-Image-2026-03-22-at-17.33.5-300x300.jpeg\" data-width=\"300\" data-height=\"300\" aria-label=\"\" role=\"img\" ><\/div>\n\t\t\t\t\t\t\t\t\t\t\t<div class=\"elementor-gallery-item__overlay\"><\/div>\n\t\t\t\t\t\t\t\t\t\t\t\t\t\t<\/a>\n\t\t\t\t\t\t\t<a class=\"e-gallery-item elementor-gallery-item elementor-animated-content\" href=\"https:\/\/www.connectus.sk\/wp-content\/uploads\/2026\/03\/WhatsApp-Image-2026-03-22-at-17.33.jpeg\" data-elementor-open-lightbox=\"yes\" data-elementor-lightbox-slideshow=\"be5bccb\" data-e-action-hash=\"#elementor-action%3Aaction%3Dlightbox%26settings%3DeyJpZCI6MjI0OSwidXJsIjoiaHR0cHM6XC9cL3d3dy5jb25uZWN0dXMuc2tcL3dwLWNvbnRlbnRcL3VwbG9hZHNcLzIwMjZcLzAzXC9XaGF0c0FwcC1JbWFnZS0yMDI2LTAzLTIyLWF0LTE3LjMzLmpwZWciLCJzbGlkZXNob3ciOiJiZTViY2NiIn0%3D\">\n\t\t\t\t\t<div class=\"e-gallery-image elementor-gallery-item__image\" data-thumbnail=\"https:\/\/www.connectus.sk\/wp-content\/uploads\/2026\/03\/WhatsApp-Image-2026-03-22-at-17.33-300x297.jpeg\" data-width=\"300\" data-height=\"297\" aria-label=\"\" role=\"img\" ><\/div>\n\t\t\t\t\t\t\t\t\t\t\t<div class=\"elementor-gallery-item__overlay\"><\/div>\n\t\t\t\t\t\t\t\t\t\t\t\t\t\t<\/a>\n\t\t\t\t\t<\/div>\n\t\t\t\t\t<\/div>\n\t\t\t\t<\/div>\n\t\t\t\t\t<\/div>\n\t\t<\/div>\n\t\t\t\t\t<\/div>\n\t\t<\/section>\n\t\t\t\t<\/div>","protected":false},"excerpt":{"rendered":"<p>\u0160koliaci semin\u00e1r \u201eMe the leader\u201c Ahoj, vol\u00e1m sa Anna a minul\u00fd t\u00fd\u017ede\u0148 som sa z\u00fa\u010dastnila projektu \u201eMe the leader\u201c v At\u00e9nach. Bola to pre m\u0148a fantastick\u00e1 sk\u00fasenos\u0165. Rozhovory s mlad\u00fdmi l\u00eddrami z celej Eur\u00f3py a stretnutie s mno\u017estvom mil\u00fdch \u013eud\u00ed boli naozaj in\u0161piruj\u00face. Ve\u013emi som sa pote\u0161ila, \u017ee som tieto z\u00e1\u017eitky mohla zdie\u013ea\u0165 s Ivanou, [&hellip;]<\/p>","protected":false},"author":4,"featured_media":2248,"comment_status":"closed","ping_status":"closed","sticky":false,"template":"","format":"standard","meta":{"footnotes":""},"categories":[1],"tags":[],"class_list":["post-2247","post","type-post","status-publish","format-standard","has-post-thumbnail","hentry","category-nezaradene"],"yoast_head":"<!-- This site is optimized with the Yoast SEO plugin v27.5 - https:\/\/yoast.com\/product\/yoast-seo-wordpress\/ -->\n<title>\u0160koliaci semin\u00e1r Me the leader Gr\u00e9cko 2023 - Connectus Slovensko<\/title>\n<meta name=\"robots\" content=\"index, follow, max-snippet:-1, max-image-preview:large, max-video-preview:-1\" \/>\n<link rel=\"canonical\" href=\"https:\/\/www.connectus.sk\/en\/skoliaci-seminar-me-the-leader-grecko-2023\/\" \/>\n<meta property=\"og:locale\" content=\"en_GB\" \/>\n<meta property=\"og:type\" content=\"article\" \/>\n<meta property=\"og:title\" content=\"\u0160koliaci semin\u00e1r Me the leader Gr\u00e9cko 2023 - Connectus Slovensko\" \/>\n<meta property=\"og:description\" content=\"\u0160koliaci semin\u00e1r \u201eMe the leader\u201c Ahoj, vol\u00e1m sa Anna a minul\u00fd t\u00fd\u017ede\u0148 som sa z\u00fa\u010dastnila projektu \u201eMe the leader\u201c v At\u00e9nach. Bola to pre m\u0148a fantastick\u00e1 sk\u00fasenos\u0165. Rozhovory s mlad\u00fdmi l\u00eddrami z celej Eur\u00f3py a stretnutie s mno\u017estvom mil\u00fdch \u013eud\u00ed boli naozaj in\u0161piruj\u00face. Ve\u013emi som sa pote\u0161ila, \u017ee som tieto z\u00e1\u017eitky mohla zdie\u013ea\u0165 s Ivanou, [&hellip;]\" \/>\n<meta property=\"og:url\" content=\"https:\/\/www.connectus.sk\/en\/skoliaci-seminar-me-the-leader-grecko-2023\/\" \/>\n<meta property=\"og:site_name\" content=\"Connectus Slovensko\" \/>\n<meta property=\"article:published_time\" content=\"2026-03-22T16:37:55+00:00\" \/>\n<meta property=\"article:modified_time\" content=\"2026-03-22T16:39:04+00:00\" \/>\n<meta property=\"og:image\" content=\"https:\/\/www.connectus.sk\/wp-content\/uploads\/2026\/03\/WhatsApp-Image-2026-03-22-at-17.jpeg\" \/>\n\t<meta property=\"og:image:width\" content=\"1169\" \/>\n\t<meta property=\"og:image:height\" content=\"1169\" \/>\n\t<meta property=\"og:image:type\" content=\"image\/jpeg\" \/>\n<meta name=\"author\" content=\"Marian C.\" \/>\n<meta name=\"twitter:card\" content=\"summary_large_image\" \/>\n<meta name=\"twitter:label1\" content=\"Written by\" \/>\n\t<meta name=\"twitter:data1\" content=\"Marian C.\" \/>\n\t<meta name=\"twitter:label2\" content=\"Estimated reading time\" \/>\n\t<meta name=\"twitter:data2\" content=\"1 minute\" \/>\n<script type=\"application\/ld+json\" class=\"yoast-schema-graph\">{\"@context\":\"https:\\\/\\\/schema.org\",\"@graph\":[{\"@type\":\"Article\",\"@id\":\"https:\\\/\\\/www.connectus.sk\\\/skoliaci-seminar-me-the-leader-grecko-2023\\\/#article\",\"isPartOf\":{\"@id\":\"https:\\\/\\\/www.connectus.sk\\\/skoliaci-seminar-me-the-leader-grecko-2023\\\/\"},\"author\":{\"name\":\"Marian C.\",\"@id\":\"https:\\\/\\\/www.connectus.sk\\\/#\\\/schema\\\/person\\\/e94f43f0566598eaf0d309df65186c7e\"},\"headline\":\"\u0160koliaci semin\u00e1r Me the leader Gr\u00e9cko 2023\",\"datePublished\":\"2026-03-22T16:37:55+00:00\",\"dateModified\":\"2026-03-22T16:39:04+00:00\",\"mainEntityOfPage\":{\"@id\":\"https:\\\/\\\/www.connectus.sk\\\/skoliaci-seminar-me-the-leader-grecko-2023\\\/\"},\"wordCount\":193,\"publisher\":{\"@id\":\"https:\\\/\\\/www.connectus.sk\\\/#organization\"},\"image\":{\"@id\":\"https:\\\/\\\/www.connectus.sk\\\/skoliaci-seminar-me-the-leader-grecko-2023\\\/#primaryimage\"},\"thumbnailUrl\":\"https:\\\/\\\/www.connectus.sk\\\/wp-content\\\/uploads\\\/2026\\\/03\\\/WhatsApp-Image-2026-03-22-at-17.jpeg\",\"articleSection\":[\"Nezaraden\u00e9\"],\"inLanguage\":\"en-GB\"},{\"@type\":\"WebPage\",\"@id\":\"https:\\\/\\\/www.connectus.sk\\\/skoliaci-seminar-me-the-leader-grecko-2023\\\/\",\"url\":\"https:\\\/\\\/www.connectus.sk\\\/skoliaci-seminar-me-the-leader-grecko-2023\\\/\",\"name\":\"\u0160koliaci semin\u00e1r Me the leader Gr\u00e9cko 2023 - Connectus Slovensko\",\"isPartOf\":{\"@id\":\"https:\\\/\\\/www.connectus.sk\\\/#website\"},\"primaryImageOfPage\":{\"@id\":\"https:\\\/\\\/www.connectus.sk\\\/skoliaci-seminar-me-the-leader-grecko-2023\\\/#primaryimage\"},\"image\":{\"@id\":\"https:\\\/\\\/www.connectus.sk\\\/skoliaci-seminar-me-the-leader-grecko-2023\\\/#primaryimage\"},\"thumbnailUrl\":\"https:\\\/\\\/www.connectus.sk\\\/wp-content\\\/uploads\\\/2026\\\/03\\\/WhatsApp-Image-2026-03-22-at-17.jpeg\",\"datePublished\":\"2026-03-22T16:37:55+00:00\",\"dateModified\":\"2026-03-22T16:39:04+00:00\",\"breadcrumb\":{\"@id\":\"https:\\\/\\\/www.connectus.sk\\\/skoliaci-seminar-me-the-leader-grecko-2023\\\/#breadcrumb\"},\"inLanguage\":\"en-GB\",\"potentialAction\":[{\"@type\":\"ReadAction\",\"target\":[\"https:\\\/\\\/www.connectus.sk\\\/skoliaci-seminar-me-the-leader-grecko-2023\\\/\"]}]},{\"@type\":\"ImageObject\",\"inLanguage\":\"en-GB\",\"@id\":\"https:\\\/\\\/www.connectus.sk\\\/skoliaci-seminar-me-the-leader-grecko-2023\\\/#primaryimage\",\"url\":\"https:\\\/\\\/www.connectus.sk\\\/wp-content\\\/uploads\\\/2026\\\/03\\\/WhatsApp-Image-2026-03-22-at-17.jpeg\",\"contentUrl\":\"https:\\\/\\\/www.connectus.sk\\\/wp-content\\\/uploads\\\/2026\\\/03\\\/WhatsApp-Image-2026-03-22-at-17.jpeg\",\"width\":1169,\"height\":1169},{\"@type\":\"BreadcrumbList\",\"@id\":\"https:\\\/\\\/www.connectus.sk\\\/skoliaci-seminar-me-the-leader-grecko-2023\\\/#breadcrumb\",\"itemListElement\":[{\"@type\":\"ListItem\",\"position\":1,\"name\":\"Home\",\"item\":\"https:\\\/\\\/www.connectus.sk\\\/\"},{\"@type\":\"ListItem\",\"position\":2,\"name\":\"\u0160koliaci semin\u00e1r Me the leader Gr\u00e9cko 2023\"}]},{\"@type\":\"WebSite\",\"@id\":\"https:\\\/\\\/www.connectus.sk\\\/#website\",\"url\":\"https:\\\/\\\/www.connectus.sk\\\/\",\"name\":\"Connectus Slovensko\",\"description\":\"Our aim is to connect\",\"publisher\":{\"@id\":\"https:\\\/\\\/www.connectus.sk\\\/#organization\"},\"potentialAction\":[{\"@type\":\"SearchAction\",\"target\":{\"@type\":\"EntryPoint\",\"urlTemplate\":\"https:\\\/\\\/www.connectus.sk\\\/?s={search_term_string}\"},\"query-input\":{\"@type\":\"PropertyValueSpecification\",\"valueRequired\":true,\"valueName\":\"search_term_string\"}}],\"inLanguage\":\"en-GB\"},{\"@type\":\"Organization\",\"@id\":\"https:\\\/\\\/www.connectus.sk\\\/#organization\",\"name\":\"Connectus Slovensko\",\"url\":\"https:\\\/\\\/www.connectus.sk\\\/\",\"logo\":{\"@type\":\"ImageObject\",\"inLanguage\":\"en-GB\",\"@id\":\"https:\\\/\\\/www.connectus.sk\\\/#\\\/schema\\\/logo\\\/image\\\/\",\"url\":\"https:\\\/\\\/www.connectus.sk\\\/wp-content\\\/uploads\\\/2022\\\/10\\\/cropped-connect_us_without_background.png\",\"contentUrl\":\"https:\\\/\\\/www.connectus.sk\\\/wp-content\\\/uploads\\\/2022\\\/10\\\/cropped-connect_us_without_background.png\",\"width\":4961,\"height\":3508,\"caption\":\"Connectus Slovensko\"},\"image\":{\"@id\":\"https:\\\/\\\/www.connectus.sk\\\/#\\\/schema\\\/logo\\\/image\\\/\"}},{\"@type\":\"Person\",\"@id\":\"https:\\\/\\\/www.connectus.sk\\\/#\\\/schema\\\/person\\\/e94f43f0566598eaf0d309df65186c7e\",\"name\":\"Marian C.\",\"image\":{\"@type\":\"ImageObject\",\"inLanguage\":\"en-GB\",\"@id\":\"https:\\\/\\\/secure.gravatar.com\\\/avatar\\\/271e013142c7ca59e296041ad5f7aea5c6df6e3c9509e65ad30c63d6451c19ca?s=96&d=mm&r=g\",\"url\":\"https:\\\/\\\/secure.gravatar.com\\\/avatar\\\/271e013142c7ca59e296041ad5f7aea5c6df6e3c9509e65ad30c63d6451c19ca?s=96&d=mm&r=g\",\"contentUrl\":\"https:\\\/\\\/secure.gravatar.com\\\/avatar\\\/271e013142c7ca59e296041ad5f7aea5c6df6e3c9509e65ad30c63d6451c19ca?s=96&d=mm&r=g\",\"caption\":\"Marian C.\"},\"url\":\"https:\\\/\\\/www.connectus.sk\\\/en\\\/author\\\/martinus_68\\\/\"}]}<\/script>\n<!-- \/ Yoast SEO plugin. -->","yoast_head_json":{"title":"\u0160koliaci semin\u00e1r Me the leader Gr\u00e9cko 2023 - Connectus Slovensko","robots":{"index":"index","follow":"follow","max-snippet":"max-snippet:-1","max-image-preview":"max-image-preview:large","max-video-preview":"max-video-preview:-1"},"canonical":"https:\/\/www.connectus.sk\/en\/skoliaci-seminar-me-the-leader-grecko-2023\/","og_locale":"en_GB","og_type":"article","og_title":"\u0160koliaci semin\u00e1r Me the leader Gr\u00e9cko 2023 - Connectus Slovensko","og_description":"\u0160koliaci semin\u00e1r \u201eMe the leader\u201c Ahoj, vol\u00e1m sa Anna a minul\u00fd t\u00fd\u017ede\u0148 som sa z\u00fa\u010dastnila projektu \u201eMe the leader\u201c v At\u00e9nach. Bola to pre m\u0148a fantastick\u00e1 sk\u00fasenos\u0165. Rozhovory s mlad\u00fdmi l\u00eddrami z celej Eur\u00f3py a stretnutie s mno\u017estvom mil\u00fdch \u013eud\u00ed boli naozaj in\u0161piruj\u00face. Ve\u013emi som sa pote\u0161ila, \u017ee som tieto z\u00e1\u017eitky mohla zdie\u013ea\u0165 s Ivanou, [&hellip;]","og_url":"https:\/\/www.connectus.sk\/en\/skoliaci-seminar-me-the-leader-grecko-2023\/","og_site_name":"Connectus Slovensko","article_published_time":"2026-03-22T16:37:55+00:00","article_modified_time":"2026-03-22T16:39:04+00:00","og_image":[{"width":1169,"height":1169,"url":"https:\/\/www.connectus.sk\/wp-content\/uploads\/2026\/03\/WhatsApp-Image-2026-03-22-at-17.jpeg","type":"image\/jpeg"}],"author":"Marian C.","twitter_card":"summary_large_image","twitter_misc":{"Written by":"Marian C.","Estimated reading time":"1 minute"},"schema":{"@context":"https:\/\/schema.org","@graph":[{"@type":"Article","@id":"https:\/\/www.connectus.sk\/skoliaci-seminar-me-the-leader-grecko-2023\/#article","isPartOf":{"@id":"https:\/\/www.connectus.sk\/skoliaci-seminar-me-the-leader-grecko-2023\/"},"author":{"name":"Marian C.","@id":"https:\/\/www.connectus.sk\/#\/schema\/person\/e94f43f0566598eaf0d309df65186c7e"},"headline":"\u0160koliaci semin\u00e1r Me the leader Gr\u00e9cko 2023","datePublished":"2026-03-22T16:37:55+00:00","dateModified":"2026-03-22T16:39:04+00:00","mainEntityOfPage":{"@id":"https:\/\/www.connectus.sk\/skoliaci-seminar-me-the-leader-grecko-2023\/"},"wordCount":193,"publisher":{"@id":"https:\/\/www.connectus.sk\/#organization"},"image":{"@id":"https:\/\/www.connectus.sk\/skoliaci-seminar-me-the-leader-grecko-2023\/#primaryimage"},"thumbnailUrl":"https:\/\/www.connectus.sk\/wp-content\/uploads\/2026\/03\/WhatsApp-Image-2026-03-22-at-17.jpeg","articleSection":["Nezaraden\u00e9"],"inLanguage":"en-GB"},{"@type":"WebPage","@id":"https:\/\/www.connectus.sk\/skoliaci-seminar-me-the-leader-grecko-2023\/","url":"https:\/\/www.connectus.sk\/skoliaci-seminar-me-the-leader-grecko-2023\/","name":"\u0160koliaci semin\u00e1r Me the leader Gr\u00e9cko 2023 - Connectus Slovensko","isPartOf":{"@id":"https:\/\/www.connectus.sk\/#website"},"primaryImageOfPage":{"@id":"https:\/\/www.connectus.sk\/skoliaci-seminar-me-the-leader-grecko-2023\/#primaryimage"},"image":{"@id":"https:\/\/www.connectus.sk\/skoliaci-seminar-me-the-leader-grecko-2023\/#primaryimage"},"thumbnailUrl":"https:\/\/www.connectus.sk\/wp-content\/uploads\/2026\/03\/WhatsApp-Image-2026-03-22-at-17.jpeg","datePublished":"2026-03-22T16:37:55+00:00","dateModified":"2026-03-22T16:39:04+00:00","breadcrumb":{"@id":"https:\/\/www.connectus.sk\/skoliaci-seminar-me-the-leader-grecko-2023\/#breadcrumb"},"inLanguage":"en-GB","potentialAction":[{"@type":"ReadAction","target":["https:\/\/www.connectus.sk\/skoliaci-seminar-me-the-leader-grecko-2023\/"]}]},{"@type":"ImageObject","inLanguage":"en-GB","@id":"https:\/\/www.connectus.sk\/skoliaci-seminar-me-the-leader-grecko-2023\/#primaryimage","url":"https:\/\/www.connectus.sk\/wp-content\/uploads\/2026\/03\/WhatsApp-Image-2026-03-22-at-17.jpeg","contentUrl":"https:\/\/www.connectus.sk\/wp-content\/uploads\/2026\/03\/WhatsApp-Image-2026-03-22-at-17.jpeg","width":1169,"height":1169},{"@type":"BreadcrumbList","@id":"https:\/\/www.connectus.sk\/skoliaci-seminar-me-the-leader-grecko-2023\/#breadcrumb","itemListElement":[{"@type":"ListItem","position":1,"name":"Home","item":"https:\/\/www.connectus.sk\/"},{"@type":"ListItem","position":2,"name":"\u0160koliaci semin\u00e1r Me the leader Gr\u00e9cko 2023"}]},{"@type":"WebSite","@id":"https:\/\/www.connectus.sk\/#website","url":"https:\/\/www.connectus.sk\/","name":"Connectus Slovensko","description":"Our aim is to connect","publisher":{"@id":"https:\/\/www.connectus.sk\/#organization"},"potentialAction":[{"@type":"SearchAction","target":{"@type":"EntryPoint","urlTemplate":"https:\/\/www.connectus.sk\/?s={search_term_string}"},"query-input":{"@type":"PropertyValueSpecification","valueRequired":true,"valueName":"search_term_string"}}],"inLanguage":"en-GB"},{"@type":"Organization","@id":"https:\/\/www.connectus.sk\/#organization","name":"Connectus Slovensko","url":"https:\/\/www.connectus.sk\/","logo":{"@type":"ImageObject","inLanguage":"en-GB","@id":"https:\/\/www.connectus.sk\/#\/schema\/logo\/image\/","url":"https:\/\/www.connectus.sk\/wp-content\/uploads\/2022\/10\/cropped-connect_us_without_background.png","contentUrl":"https:\/\/www.connectus.sk\/wp-content\/uploads\/2022\/10\/cropped-connect_us_without_background.png","width":4961,"height":3508,"caption":"Connectus Slovensko"},"image":{"@id":"https:\/\/www.connectus.sk\/#\/schema\/logo\/image\/"}},{"@type":"Person","@id":"https:\/\/www.connectus.sk\/#\/schema\/person\/e94f43f0566598eaf0d309df65186c7e","name":"Marian C.","image":{"@type":"ImageObject","inLanguage":"en-GB","@id":"https:\/\/secure.gravatar.com\/avatar\/271e013142c7ca59e296041ad5f7aea5c6df6e3c9509e65ad30c63d6451c19ca?s=96&d=mm&r=g","url":"https:\/\/secure.gravatar.com\/avatar\/271e013142c7ca59e296041ad5f7aea5c6df6e3c9509e65ad30c63d6451c19ca?s=96&d=mm&r=g","contentUrl":"https:\/\/secure.gravatar.com\/avatar\/271e013142c7ca59e296041ad5f7aea5c6df6e3c9509e65ad30c63d6451c19ca?s=96&d=mm&r=g","caption":"Marian C."},"url":"https:\/\/www.connectus.sk\/en\/author\/martinus_68\/"}]}},"_links":{"self":[{"href":"https:\/\/www.connectus.sk\/en\/wp-json\/wp\/v2\/posts\/2247","targetHints":{"allow":["GET"]}}],"collection":[{"href":"https:\/\/www.connectus.sk\/en\/wp-json\/wp\/v2\/posts"}],"about":[{"href":"https:\/\/www.connectus.sk\/en\/wp-json\/wp\/v2\/types\/post"}],"author":[{"embeddable":true,"href":"https:\/\/www.connectus.sk\/en\/wp-json\/wp\/v2\/users\/4"}],"replies":[{"embeddable":true,"href":"https:\/\/www.connectus.sk\/en\/wp-json\/wp\/v2\/comments?post=2247"}],"version-history":[{"count":4,"href":"https:\/\/www.connectus.sk\/en\/wp-json\/wp\/v2\/posts\/2247\/revisions"}],"predecessor-version":[{"id":2255,"href":"https:\/\/www.connectus.sk\/en\/wp-json\/wp\/v2\/posts\/2247\/revisions\/2255"}],"wp:featuredmedia":[{"embeddable":true,"href":"https:\/\/www.connectus.sk\/en\/wp-json\/wp\/v2\/media\/2248"}],"wp:attachment":[{"href":"https:\/\/www.connectus.sk\/en\/wp-json\/wp\/v2\/media?parent=2247"}],"wp:term":[{"taxonomy":"category","embeddable":true,"href":"https:\/\/www.connectus.sk\/en\/wp-json\/wp\/v2\/categories?post=2247"},{"taxonomy":"post_tag","embeddable":true,"href":"https:\/\/www.connectus.sk\/en\/wp-json\/wp\/v2\/tags?post=2247"}],"curies":[{"name":"wp","href":"https:\/\/api.w.org\/{rel}","templated":true}]}}