{"id":764,"date":"2023-09-11T07:50:00","date_gmt":"2023-09-11T05:50:00","guid":{"rendered":"https:\/\/www.connectus.sk\/?p=764"},"modified":"2024-04-11T08:43:11","modified_gmt":"2024-04-11T06:43:11","slug":"grecko-youth-against-hate-speech","status":"publish","type":"post","link":"https:\/\/www.connectus.sk\/en\/grecko-youth-against-hate-speech\/","title":{"rendered":"Greece \u201eYouth against hate speech\u201c"},"content":{"rendered":"<div data-elementor-type=\"wp-post\" data-elementor-id=\"764\" class=\"elementor elementor-764\" data-elementor-post-type=\"post\">\n\t\t\t\t\t\t<section class=\"elementor-section elementor-top-section elementor-element elementor-element-20124fd0 elementor-section-boxed elementor-section-height-default elementor-section-height-default\" data-id=\"20124fd0\" data-element_type=\"section\" data-e-type=\"section\">\n\t\t\t\t\t\t<div class=\"elementor-container elementor-column-gap-default\">\n\t\t\t\t\t<div class=\"elementor-column elementor-col-100 elementor-top-column elementor-element elementor-element-ce85bfe\" data-id=\"ce85bfe\" data-element_type=\"column\" data-e-type=\"column\">\n\t\t\t<div class=\"elementor-widget-wrap elementor-element-populated\">\n\t\t\t\t\t\t<div class=\"elementor-element elementor-element-23e54cb2 elementor-widget elementor-widget-text-editor\" data-id=\"23e54cb2\" data-element_type=\"widget\" data-e-type=\"widget\" data-widget_type=\"text-editor.default\">\n\t\t\t\t<div class=\"elementor-widget-container\">\n\t\t\t\t\t\t\t\t\t<p><\/p>\n<p>1.-9. September 2023<\/p>\n<p><\/p>\n<p><\/p>\n<p>Ml\u00e1de\u017en\u00edcka v\u00fdmena &#8222;Youth against hate speech&#8220; v Gr\u00e9cku, \u00faspe\u0161ne ukon\u010den\u00e1.<\/p>\n<p><\/p>\n<p><\/p>\n<p>A ako sa na\u0161im \u00fa\u010dastn\u00edkom p\u00e1\u010dilo a ak\u00fd mali program?<\/p>\n<p><\/p>\n<p><\/p>\n<blockquote class=\"wp-block-quote is-layout-flow wp-block-quote-is-layout-flow\">\n<p><\/p>\n<p><cite>&#8222;N\u00e1\u0161 projekt bol zameran\u00fd na t\u00e9mu Hate Speech, na ktor\u00fa sme sa zameriavali pomocou workshopov a teambuildingov s \u010fal\u0161\u00edmi \u00fa\u010dastn\u00edkmi zo \u0160panielska, Rumunska, Talianska, Franc\u00fazska a Gr\u00e9cka. Hoci po\u010dasie po\u010das t\u00fd\u017ed\u0148a nebolo najide\u00e1lnej\u0161ie, v\u017edy sme na\u0161li rie\u0161enie a dok\u00e1zali sme si u\u017ei\u0165 aj vo\u013en\u00fd \u010das, najm\u00e4 na pl\u00e1\u017ei. Za\u017eili sme tie\u017e r\u00f4zne v\u00fdlety napr. do Thessalonik, \u010di do Agios Mamas, kde sa konali trhy.<br \/>Projekt sme si v\u0161etci ve\u013emi u\u017eili a u\u017e teraz sa nevieme do\u010dka\u0165 \u010fal\u0161\u00edch projektov&#8220;<\/cite><\/p>\n<\/blockquote>\n<p><\/p>\n<p><\/p>\n<p>Tento projekt bol podporen\u00fd z programu Eur\u00f3pskej \u00fanie Erasmus+<\/p>\n<p><img decoding=\"async\" class=\"alignnone  wp-image-806\" src=\"https:\/\/www.connectus.sk\/wp-content\/uploads\/2024\/04\/images-300x125.jpg\" alt=\"\" width=\"175\" height=\"73\" srcset=\"https:\/\/www.connectus.sk\/wp-content\/uploads\/2024\/04\/images-300x125.jpg 300w, https:\/\/www.connectus.sk\/wp-content\/uploads\/2024\/04\/images.jpg 347w\" sizes=\"(max-width: 175px) 100vw, 175px\" \/><\/p>\n<p><\/p>\t\t\t\t\t\t\t\t<\/div>\n\t\t\t\t<\/div>\n\t\t\t\t<div class=\"elementor-element elementor-element-a18a271 elementor-widget elementor-widget-gallery\" data-id=\"a18a271\" data-element_type=\"widget\" data-e-type=\"widget\" data-settings=\"{&quot;gallery_layout&quot;:&quot;justified&quot;,&quot;lazyload&quot;:&quot;yes&quot;,&quot;ideal_row_height&quot;:{&quot;unit&quot;:&quot;px&quot;,&quot;size&quot;:200,&quot;sizes&quot;:[]},&quot;ideal_row_height_tablet&quot;:{&quot;unit&quot;:&quot;px&quot;,&quot;size&quot;:150,&quot;sizes&quot;:[]},&quot;ideal_row_height_mobile&quot;:{&quot;unit&quot;:&quot;px&quot;,&quot;size&quot;:150,&quot;sizes&quot;:[]},&quot;gap&quot;:{&quot;unit&quot;:&quot;px&quot;,&quot;size&quot;:10,&quot;sizes&quot;:[]},&quot;gap_tablet&quot;:{&quot;unit&quot;:&quot;px&quot;,&quot;size&quot;:10,&quot;sizes&quot;:[]},&quot;gap_mobile&quot;:{&quot;unit&quot;:&quot;px&quot;,&quot;size&quot;:10,&quot;sizes&quot;:[]},&quot;link_to&quot;:&quot;file&quot;,&quot;overlay_background&quot;:&quot;yes&quot;,&quot;content_hover_animation&quot;:&quot;fade-in&quot;}\" data-widget_type=\"gallery.default\">\n\t\t\t\t<div class=\"elementor-widget-container\">\n\t\t\t\t\t\t\t<div class=\"elementor-gallery__container\">\n\t\t\t\t\t\t\t<a class=\"e-gallery-item elementor-gallery-item elementor-animated-content\" href=\"https:\/\/www.connectus.sk\/wp-content\/uploads\/2024\/04\/grecko-sept2023-4.jpg\" data-elementor-open-lightbox=\"yes\" data-elementor-lightbox-slideshow=\"a18a271\" data-e-action-hash=\"#elementor-action%3Aaction%3Dlightbox%26settings%3DeyJpZCI6NzY4LCJ1cmwiOiJodHRwczpcL1wvd3d3LmNvbm5lY3R1cy5za1wvd3AtY29udGVudFwvdXBsb2Fkc1wvMjAyNFwvMDRcL2dyZWNrby1zZXB0MjAyMy00LmpwZyIsInNsaWRlc2hvdyI6ImExOGEyNzEifQ%3D%3D\">\n\t\t\t\t\t<div class=\"e-gallery-image elementor-gallery-item__image\" data-thumbnail=\"https:\/\/www.connectus.sk\/wp-content\/uploads\/2024\/04\/grecko-sept2023-4.jpg\" data-width=\"750\" data-height=\"404\" aria-label=\"\" role=\"img\" ><\/div>\n\t\t\t\t\t\t\t\t\t\t\t<div class=\"elementor-gallery-item__overlay\"><\/div>\n\t\t\t\t\t\t\t\t\t\t\t\t\t\t<\/a>\n\t\t\t\t\t\t\t<a class=\"e-gallery-item elementor-gallery-item elementor-animated-content\" href=\"https:\/\/www.connectus.sk\/wp-content\/uploads\/2024\/04\/grecko-sept2023-5.jpg\" data-elementor-open-lightbox=\"yes\" data-elementor-lightbox-slideshow=\"a18a271\" data-e-action-hash=\"#elementor-action%3Aaction%3Dlightbox%26settings%3DeyJpZCI6NzY5LCJ1cmwiOiJodHRwczpcL1wvd3d3LmNvbm5lY3R1cy5za1wvd3AtY29udGVudFwvdXBsb2Fkc1wvMjAyNFwvMDRcL2dyZWNrby1zZXB0MjAyMy01LmpwZyIsInNsaWRlc2hvdyI6ImExOGEyNzEifQ%3D%3D\">\n\t\t\t\t\t<div class=\"e-gallery-image elementor-gallery-item__image\" data-thumbnail=\"https:\/\/www.connectus.sk\/wp-content\/uploads\/2024\/04\/grecko-sept2023-5.jpg\" data-width=\"750\" data-height=\"406\" aria-label=\"\" role=\"img\" ><\/div>\n\t\t\t\t\t\t\t\t\t\t\t<div class=\"elementor-gallery-item__overlay\"><\/div>\n\t\t\t\t\t\t\t\t\t\t\t\t\t\t<\/a>\n\t\t\t\t\t\t\t<a class=\"e-gallery-item elementor-gallery-item elementor-animated-content\" href=\"https:\/\/www.connectus.sk\/wp-content\/uploads\/2024\/04\/grecko-sept2023-3.jpg\" data-elementor-open-lightbox=\"yes\" data-elementor-lightbox-slideshow=\"a18a271\" data-e-action-hash=\"#elementor-action%3Aaction%3Dlightbox%26settings%3DeyJpZCI6NzY3LCJ1cmwiOiJodHRwczpcL1wvd3d3LmNvbm5lY3R1cy5za1wvd3AtY29udGVudFwvdXBsb2Fkc1wvMjAyNFwvMDRcL2dyZWNrby1zZXB0MjAyMy0zLmpwZyIsInNsaWRlc2hvdyI6ImExOGEyNzEifQ%3D%3D\">\n\t\t\t\t\t<div class=\"e-gallery-image elementor-gallery-item__image\" data-thumbnail=\"https:\/\/www.connectus.sk\/wp-content\/uploads\/2024\/04\/grecko-sept2023-3.jpg\" data-width=\"750\" data-height=\"409\" aria-label=\"\" role=\"img\" ><\/div>\n\t\t\t\t\t\t\t\t\t\t\t<div class=\"elementor-gallery-item__overlay\"><\/div>\n\t\t\t\t\t\t\t\t\t\t\t\t\t\t<\/a>\n\t\t\t\t\t\t\t<a class=\"e-gallery-item elementor-gallery-item elementor-animated-content\" href=\"https:\/\/www.connectus.sk\/wp-content\/uploads\/2024\/04\/grecko-sept2023-1.jpg\" data-elementor-open-lightbox=\"yes\" data-elementor-lightbox-slideshow=\"a18a271\" data-e-action-hash=\"#elementor-action%3Aaction%3Dlightbox%26settings%3DeyJpZCI6NzcxLCJ1cmwiOiJodHRwczpcL1wvd3d3LmNvbm5lY3R1cy5za1wvd3AtY29udGVudFwvdXBsb2Fkc1wvMjAyNFwvMDRcL2dyZWNrby1zZXB0MjAyMy0xLmpwZyIsInNsaWRlc2hvdyI6ImExOGEyNzEifQ%3D%3D\">\n\t\t\t\t\t<div class=\"e-gallery-image elementor-gallery-item__image\" data-thumbnail=\"https:\/\/www.connectus.sk\/wp-content\/uploads\/2024\/04\/grecko-sept2023-1.jpg\" data-width=\"750\" data-height=\"400\" aria-label=\"\" role=\"img\" ><\/div>\n\t\t\t\t\t\t\t\t\t\t\t<div class=\"elementor-gallery-item__overlay\"><\/div>\n\t\t\t\t\t\t\t\t\t\t\t\t\t\t<\/a>\n\t\t\t\t\t\t\t<a class=\"e-gallery-item elementor-gallery-item elementor-animated-content\" href=\"https:\/\/www.connectus.sk\/wp-content\/uploads\/2024\/04\/grecko-sept2023-2.jpg\" data-elementor-open-lightbox=\"yes\" data-elementor-lightbox-slideshow=\"a18a271\" data-e-action-hash=\"#elementor-action%3Aaction%3Dlightbox%26settings%3DeyJpZCI6NzY2LCJ1cmwiOiJodHRwczpcL1wvd3d3LmNvbm5lY3R1cy5za1wvd3AtY29udGVudFwvdXBsb2Fkc1wvMjAyNFwvMDRcL2dyZWNrby1zZXB0MjAyMy0yLmpwZyIsInNsaWRlc2hvdyI6ImExOGEyNzEifQ%3D%3D\">\n\t\t\t\t\t<div class=\"e-gallery-image elementor-gallery-item__image\" data-thumbnail=\"https:\/\/www.connectus.sk\/wp-content\/uploads\/2024\/04\/grecko-sept2023-2.jpg\" data-width=\"750\" data-height=\"411\" aria-label=\"\" role=\"img\" ><\/div>\n\t\t\t\t\t\t\t\t\t\t\t<div class=\"elementor-gallery-item__overlay\"><\/div>\n\t\t\t\t\t\t\t\t\t\t\t\t\t\t<\/a>\n\t\t\t\t\t<\/div>\n\t\t\t\t\t<\/div>\n\t\t\t\t<\/div>\n\t\t\t\t\t<\/div>\n\t\t<\/div>\n\t\t\t\t\t<\/div>\n\t\t<\/section>\n\t\t\t\t<\/div>","protected":false},"excerpt":{"rendered":"<p>1.-9. September 2023 Ml\u00e1de\u017en\u00edcka v\u00fdmena &#8222;Youth against hate speech&#8220; v Gr\u00e9cku, \u00faspe\u0161ne ukon\u010den\u00e1. A ako sa na\u0161im \u00fa\u010dastn\u00edkom p\u00e1\u010dilo a ak\u00fd mali program? &#8222;N\u00e1\u0161 projekt bol zameran\u00fd na t\u00e9mu Hate Speech, na ktor\u00fa sme sa zameriavali pomocou workshopov a teambuildingov s \u010fal\u0161\u00edmi \u00fa\u010dastn\u00edkmi zo \u0160panielska, Rumunska, Talianska, Franc\u00fazska a Gr\u00e9cka. Hoci po\u010dasie po\u010das t\u00fd\u017ed\u0148a nebolo [&hellip;]<\/p>","protected":false},"author":1,"featured_media":769,"comment_status":"closed","ping_status":"closed","sticky":false,"template":"","format":"standard","meta":{"footnotes":""},"categories":[9],"tags":[],"class_list":["post-764","post","type-post","status-publish","format-standard","has-post-thumbnail","hentry","category-projekty-zazitky"],"yoast_head":"<!-- This site is optimized with the Yoast SEO plugin v27.5 - https:\/\/yoast.com\/product\/yoast-seo-wordpress\/ -->\n<title>Gr\u00e9cko &quot;Youth against hate speech&quot; - Connectus Slovensko<\/title>\n<meta name=\"robots\" content=\"index, follow, max-snippet:-1, max-image-preview:large, max-video-preview:-1\" \/>\n<link rel=\"canonical\" href=\"https:\/\/www.connectus.sk\/en\/grecko-youth-against-hate-speech\/\" \/>\n<meta property=\"og:locale\" content=\"en_GB\" \/>\n<meta property=\"og:type\" content=\"article\" \/>\n<meta property=\"og:title\" content=\"Gr\u00e9cko &quot;Youth against hate speech&quot; - Connectus Slovensko\" \/>\n<meta property=\"og:description\" content=\"1.-9. September 2023 Ml\u00e1de\u017en\u00edcka v\u00fdmena &#8222;Youth against hate speech&#8220; v Gr\u00e9cku, \u00faspe\u0161ne ukon\u010den\u00e1. A ako sa na\u0161im \u00fa\u010dastn\u00edkom p\u00e1\u010dilo a ak\u00fd mali program? &#8222;N\u00e1\u0161 projekt bol zameran\u00fd na t\u00e9mu Hate Speech, na ktor\u00fa sme sa zameriavali pomocou workshopov a teambuildingov s \u010fal\u0161\u00edmi \u00fa\u010dastn\u00edkmi zo \u0160panielska, Rumunska, Talianska, Franc\u00fazska a Gr\u00e9cka. Hoci po\u010dasie po\u010das t\u00fd\u017ed\u0148a nebolo [&hellip;]\" \/>\n<meta property=\"og:url\" content=\"https:\/\/www.connectus.sk\/en\/grecko-youth-against-hate-speech\/\" \/>\n<meta property=\"og:site_name\" content=\"Connectus Slovensko\" \/>\n<meta property=\"article:published_time\" content=\"2023-09-11T05:50:00+00:00\" \/>\n<meta property=\"article:modified_time\" content=\"2024-04-11T06:43:11+00:00\" \/>\n<meta property=\"og:image\" content=\"https:\/\/www.connectus.sk\/wp-content\/uploads\/2024\/04\/grecko-sept2023-5.jpg\" \/>\n\t<meta property=\"og:image:width\" content=\"750\" \/>\n\t<meta property=\"og:image:height\" content=\"406\" \/>\n\t<meta property=\"og:image:type\" content=\"image\/jpeg\" \/>\n<meta name=\"author\" content=\"Mandala_159\" \/>\n<meta name=\"twitter:card\" content=\"summary_large_image\" \/>\n<meta name=\"twitter:label1\" content=\"Written by\" \/>\n\t<meta name=\"twitter:data1\" content=\"Mandala_159\" \/>\n\t<meta name=\"twitter:label2\" content=\"Estimated reading time\" \/>\n\t<meta name=\"twitter:data2\" content=\"1 minute\" \/>\n<script type=\"application\/ld+json\" class=\"yoast-schema-graph\">{\"@context\":\"https:\\\/\\\/schema.org\",\"@graph\":[{\"@type\":\"Article\",\"@id\":\"https:\\\/\\\/www.connectus.sk\\\/grecko-youth-against-hate-speech\\\/#article\",\"isPartOf\":{\"@id\":\"https:\\\/\\\/www.connectus.sk\\\/grecko-youth-against-hate-speech\\\/\"},\"author\":{\"name\":\"Mandala_159\",\"@id\":\"https:\\\/\\\/www.connectus.sk\\\/#\\\/schema\\\/person\\\/893e6e58e78e6cc7516bd6727ae093fd\"},\"headline\":\"Gr\u00e9cko &#8222;Youth against hate speech&#8220;\",\"datePublished\":\"2023-09-11T05:50:00+00:00\",\"dateModified\":\"2024-04-11T06:43:11+00:00\",\"mainEntityOfPage\":{\"@id\":\"https:\\\/\\\/www.connectus.sk\\\/grecko-youth-against-hate-speech\\\/\"},\"wordCount\":152,\"publisher\":{\"@id\":\"https:\\\/\\\/www.connectus.sk\\\/#organization\"},\"image\":{\"@id\":\"https:\\\/\\\/www.connectus.sk\\\/grecko-youth-against-hate-speech\\\/#primaryimage\"},\"thumbnailUrl\":\"https:\\\/\\\/www.connectus.sk\\\/wp-content\\\/uploads\\\/2024\\\/04\\\/grecko-sept2023-5.jpg\",\"articleSection\":[\"Aktu\u00e1lne projekty a z\u00e1\u017eitky dobrovo\u013en\u00edkov\"],\"inLanguage\":\"en-GB\"},{\"@type\":\"WebPage\",\"@id\":\"https:\\\/\\\/www.connectus.sk\\\/grecko-youth-against-hate-speech\\\/\",\"url\":\"https:\\\/\\\/www.connectus.sk\\\/grecko-youth-against-hate-speech\\\/\",\"name\":\"Gr\u00e9cko \\\"Youth against hate speech\\\" - Connectus Slovensko\",\"isPartOf\":{\"@id\":\"https:\\\/\\\/www.connectus.sk\\\/#website\"},\"primaryImageOfPage\":{\"@id\":\"https:\\\/\\\/www.connectus.sk\\\/grecko-youth-against-hate-speech\\\/#primaryimage\"},\"image\":{\"@id\":\"https:\\\/\\\/www.connectus.sk\\\/grecko-youth-against-hate-speech\\\/#primaryimage\"},\"thumbnailUrl\":\"https:\\\/\\\/www.connectus.sk\\\/wp-content\\\/uploads\\\/2024\\\/04\\\/grecko-sept2023-5.jpg\",\"datePublished\":\"2023-09-11T05:50:00+00:00\",\"dateModified\":\"2024-04-11T06:43:11+00:00\",\"breadcrumb\":{\"@id\":\"https:\\\/\\\/www.connectus.sk\\\/grecko-youth-against-hate-speech\\\/#breadcrumb\"},\"inLanguage\":\"en-GB\",\"potentialAction\":[{\"@type\":\"ReadAction\",\"target\":[\"https:\\\/\\\/www.connectus.sk\\\/grecko-youth-against-hate-speech\\\/\"]}]},{\"@type\":\"ImageObject\",\"inLanguage\":\"en-GB\",\"@id\":\"https:\\\/\\\/www.connectus.sk\\\/grecko-youth-against-hate-speech\\\/#primaryimage\",\"url\":\"https:\\\/\\\/www.connectus.sk\\\/wp-content\\\/uploads\\\/2024\\\/04\\\/grecko-sept2023-5.jpg\",\"contentUrl\":\"https:\\\/\\\/www.connectus.sk\\\/wp-content\\\/uploads\\\/2024\\\/04\\\/grecko-sept2023-5.jpg\",\"width\":750,\"height\":406},{\"@type\":\"BreadcrumbList\",\"@id\":\"https:\\\/\\\/www.connectus.sk\\\/grecko-youth-against-hate-speech\\\/#breadcrumb\",\"itemListElement\":[{\"@type\":\"ListItem\",\"position\":1,\"name\":\"Home\",\"item\":\"https:\\\/\\\/www.connectus.sk\\\/\"},{\"@type\":\"ListItem\",\"position\":2,\"name\":\"Gr\u00e9cko &#8222;Youth against hate speech&#8220;\"}]},{\"@type\":\"WebSite\",\"@id\":\"https:\\\/\\\/www.connectus.sk\\\/#website\",\"url\":\"https:\\\/\\\/www.connectus.sk\\\/\",\"name\":\"Connectus Slovensko\",\"description\":\"Our aim is to connect\",\"publisher\":{\"@id\":\"https:\\\/\\\/www.connectus.sk\\\/#organization\"},\"potentialAction\":[{\"@type\":\"SearchAction\",\"target\":{\"@type\":\"EntryPoint\",\"urlTemplate\":\"https:\\\/\\\/www.connectus.sk\\\/?s={search_term_string}\"},\"query-input\":{\"@type\":\"PropertyValueSpecification\",\"valueRequired\":true,\"valueName\":\"search_term_string\"}}],\"inLanguage\":\"en-GB\"},{\"@type\":\"Organization\",\"@id\":\"https:\\\/\\\/www.connectus.sk\\\/#organization\",\"name\":\"Connectus Slovensko\",\"url\":\"https:\\\/\\\/www.connectus.sk\\\/\",\"logo\":{\"@type\":\"ImageObject\",\"inLanguage\":\"en-GB\",\"@id\":\"https:\\\/\\\/www.connectus.sk\\\/#\\\/schema\\\/logo\\\/image\\\/\",\"url\":\"https:\\\/\\\/www.connectus.sk\\\/wp-content\\\/uploads\\\/2022\\\/10\\\/cropped-connect_us_without_background.png\",\"contentUrl\":\"https:\\\/\\\/www.connectus.sk\\\/wp-content\\\/uploads\\\/2022\\\/10\\\/cropped-connect_us_without_background.png\",\"width\":4961,\"height\":3508,\"caption\":\"Connectus Slovensko\"},\"image\":{\"@id\":\"https:\\\/\\\/www.connectus.sk\\\/#\\\/schema\\\/logo\\\/image\\\/\"}},{\"@type\":\"Person\",\"@id\":\"https:\\\/\\\/www.connectus.sk\\\/#\\\/schema\\\/person\\\/893e6e58e78e6cc7516bd6727ae093fd\",\"name\":\"Mandala_159\",\"image\":{\"@type\":\"ImageObject\",\"inLanguage\":\"en-GB\",\"@id\":\"https:\\\/\\\/secure.gravatar.com\\\/avatar\\\/bc6d076585a758b0f7eb1b179a98590f91cfb7a252c95abb56a741c2c711e1a1?s=96&d=mm&r=g\",\"url\":\"https:\\\/\\\/secure.gravatar.com\\\/avatar\\\/bc6d076585a758b0f7eb1b179a98590f91cfb7a252c95abb56a741c2c711e1a1?s=96&d=mm&r=g\",\"contentUrl\":\"https:\\\/\\\/secure.gravatar.com\\\/avatar\\\/bc6d076585a758b0f7eb1b179a98590f91cfb7a252c95abb56a741c2c711e1a1?s=96&d=mm&r=g\",\"caption\":\"Mandala_159\"},\"sameAs\":[\"https:\\\/\\\/www.connectus.sk\"],\"url\":\"https:\\\/\\\/www.connectus.sk\\\/en\\\/author\\\/mandala_159\\\/\"}]}<\/script>\n<!-- \/ Yoast SEO plugin. -->","yoast_head_json":{"title":"Gr\u00e9cko \"Youth against hate speech\" - Connectus Slovensko","robots":{"index":"index","follow":"follow","max-snippet":"max-snippet:-1","max-image-preview":"max-image-preview:large","max-video-preview":"max-video-preview:-1"},"canonical":"https:\/\/www.connectus.sk\/en\/grecko-youth-against-hate-speech\/","og_locale":"en_GB","og_type":"article","og_title":"Gr\u00e9cko \"Youth against hate speech\" - Connectus Slovensko","og_description":"1.-9. September 2023 Ml\u00e1de\u017en\u00edcka v\u00fdmena &#8222;Youth against hate speech&#8220; v Gr\u00e9cku, \u00faspe\u0161ne ukon\u010den\u00e1. A ako sa na\u0161im \u00fa\u010dastn\u00edkom p\u00e1\u010dilo a ak\u00fd mali program? &#8222;N\u00e1\u0161 projekt bol zameran\u00fd na t\u00e9mu Hate Speech, na ktor\u00fa sme sa zameriavali pomocou workshopov a teambuildingov s \u010fal\u0161\u00edmi \u00fa\u010dastn\u00edkmi zo \u0160panielska, Rumunska, Talianska, Franc\u00fazska a Gr\u00e9cka. Hoci po\u010dasie po\u010das t\u00fd\u017ed\u0148a nebolo [&hellip;]","og_url":"https:\/\/www.connectus.sk\/en\/grecko-youth-against-hate-speech\/","og_site_name":"Connectus Slovensko","article_published_time":"2023-09-11T05:50:00+00:00","article_modified_time":"2024-04-11T06:43:11+00:00","og_image":[{"width":750,"height":406,"url":"https:\/\/www.connectus.sk\/wp-content\/uploads\/2024\/04\/grecko-sept2023-5.jpg","type":"image\/jpeg"}],"author":"Mandala_159","twitter_card":"summary_large_image","twitter_misc":{"Written by":"Mandala_159","Estimated reading time":"1 minute"},"schema":{"@context":"https:\/\/schema.org","@graph":[{"@type":"Article","@id":"https:\/\/www.connectus.sk\/grecko-youth-against-hate-speech\/#article","isPartOf":{"@id":"https:\/\/www.connectus.sk\/grecko-youth-against-hate-speech\/"},"author":{"name":"Mandala_159","@id":"https:\/\/www.connectus.sk\/#\/schema\/person\/893e6e58e78e6cc7516bd6727ae093fd"},"headline":"Gr\u00e9cko &#8222;Youth against hate speech&#8220;","datePublished":"2023-09-11T05:50:00+00:00","dateModified":"2024-04-11T06:43:11+00:00","mainEntityOfPage":{"@id":"https:\/\/www.connectus.sk\/grecko-youth-against-hate-speech\/"},"wordCount":152,"publisher":{"@id":"https:\/\/www.connectus.sk\/#organization"},"image":{"@id":"https:\/\/www.connectus.sk\/grecko-youth-against-hate-speech\/#primaryimage"},"thumbnailUrl":"https:\/\/www.connectus.sk\/wp-content\/uploads\/2024\/04\/grecko-sept2023-5.jpg","articleSection":["Aktu\u00e1lne projekty a z\u00e1\u017eitky dobrovo\u013en\u00edkov"],"inLanguage":"en-GB"},{"@type":"WebPage","@id":"https:\/\/www.connectus.sk\/grecko-youth-against-hate-speech\/","url":"https:\/\/www.connectus.sk\/grecko-youth-against-hate-speech\/","name":"Gr\u00e9cko \"Youth against hate speech\" - Connectus Slovensko","isPartOf":{"@id":"https:\/\/www.connectus.sk\/#website"},"primaryImageOfPage":{"@id":"https:\/\/www.connectus.sk\/grecko-youth-against-hate-speech\/#primaryimage"},"image":{"@id":"https:\/\/www.connectus.sk\/grecko-youth-against-hate-speech\/#primaryimage"},"thumbnailUrl":"https:\/\/www.connectus.sk\/wp-content\/uploads\/2024\/04\/grecko-sept2023-5.jpg","datePublished":"2023-09-11T05:50:00+00:00","dateModified":"2024-04-11T06:43:11+00:00","breadcrumb":{"@id":"https:\/\/www.connectus.sk\/grecko-youth-against-hate-speech\/#breadcrumb"},"inLanguage":"en-GB","potentialAction":[{"@type":"ReadAction","target":["https:\/\/www.connectus.sk\/grecko-youth-against-hate-speech\/"]}]},{"@type":"ImageObject","inLanguage":"en-GB","@id":"https:\/\/www.connectus.sk\/grecko-youth-against-hate-speech\/#primaryimage","url":"https:\/\/www.connectus.sk\/wp-content\/uploads\/2024\/04\/grecko-sept2023-5.jpg","contentUrl":"https:\/\/www.connectus.sk\/wp-content\/uploads\/2024\/04\/grecko-sept2023-5.jpg","width":750,"height":406},{"@type":"BreadcrumbList","@id":"https:\/\/www.connectus.sk\/grecko-youth-against-hate-speech\/#breadcrumb","itemListElement":[{"@type":"ListItem","position":1,"name":"Home","item":"https:\/\/www.connectus.sk\/"},{"@type":"ListItem","position":2,"name":"Gr\u00e9cko &#8222;Youth against hate speech&#8220;"}]},{"@type":"WebSite","@id":"https:\/\/www.connectus.sk\/#website","url":"https:\/\/www.connectus.sk\/","name":"Connectus Slovensko","description":"Our aim is to connect","publisher":{"@id":"https:\/\/www.connectus.sk\/#organization"},"potentialAction":[{"@type":"SearchAction","target":{"@type":"EntryPoint","urlTemplate":"https:\/\/www.connectus.sk\/?s={search_term_string}"},"query-input":{"@type":"PropertyValueSpecification","valueRequired":true,"valueName":"search_term_string"}}],"inLanguage":"en-GB"},{"@type":"Organization","@id":"https:\/\/www.connectus.sk\/#organization","name":"Connectus Slovensko","url":"https:\/\/www.connectus.sk\/","logo":{"@type":"ImageObject","inLanguage":"en-GB","@id":"https:\/\/www.connectus.sk\/#\/schema\/logo\/image\/","url":"https:\/\/www.connectus.sk\/wp-content\/uploads\/2022\/10\/cropped-connect_us_without_background.png","contentUrl":"https:\/\/www.connectus.sk\/wp-content\/uploads\/2022\/10\/cropped-connect_us_without_background.png","width":4961,"height":3508,"caption":"Connectus Slovensko"},"image":{"@id":"https:\/\/www.connectus.sk\/#\/schema\/logo\/image\/"}},{"@type":"Person","@id":"https:\/\/www.connectus.sk\/#\/schema\/person\/893e6e58e78e6cc7516bd6727ae093fd","name":"Mandala_159","image":{"@type":"ImageObject","inLanguage":"en-GB","@id":"https:\/\/secure.gravatar.com\/avatar\/bc6d076585a758b0f7eb1b179a98590f91cfb7a252c95abb56a741c2c711e1a1?s=96&d=mm&r=g","url":"https:\/\/secure.gravatar.com\/avatar\/bc6d076585a758b0f7eb1b179a98590f91cfb7a252c95abb56a741c2c711e1a1?s=96&d=mm&r=g","contentUrl":"https:\/\/secure.gravatar.com\/avatar\/bc6d076585a758b0f7eb1b179a98590f91cfb7a252c95abb56a741c2c711e1a1?s=96&d=mm&r=g","caption":"Mandala_159"},"sameAs":["https:\/\/www.connectus.sk"],"url":"https:\/\/www.connectus.sk\/en\/author\/mandala_159\/"}]}},"_links":{"self":[{"href":"https:\/\/www.connectus.sk\/en\/wp-json\/wp\/v2\/posts\/764","targetHints":{"allow":["GET"]}}],"collection":[{"href":"https:\/\/www.connectus.sk\/en\/wp-json\/wp\/v2\/posts"}],"about":[{"href":"https:\/\/www.connectus.sk\/en\/wp-json\/wp\/v2\/types\/post"}],"author":[{"embeddable":true,"href":"https:\/\/www.connectus.sk\/en\/wp-json\/wp\/v2\/users\/1"}],"replies":[{"embeddable":true,"href":"https:\/\/www.connectus.sk\/en\/wp-json\/wp\/v2\/comments?post=764"}],"version-history":[{"count":6,"href":"https:\/\/www.connectus.sk\/en\/wp-json\/wp\/v2\/posts\/764\/revisions"}],"predecessor-version":[{"id":844,"href":"https:\/\/www.connectus.sk\/en\/wp-json\/wp\/v2\/posts\/764\/revisions\/844"}],"wp:featuredmedia":[{"embeddable":true,"href":"https:\/\/www.connectus.sk\/en\/wp-json\/wp\/v2\/media\/769"}],"wp:attachment":[{"href":"https:\/\/www.connectus.sk\/en\/wp-json\/wp\/v2\/media?parent=764"}],"wp:term":[{"taxonomy":"category","embeddable":true,"href":"https:\/\/www.connectus.sk\/en\/wp-json\/wp\/v2\/categories?post=764"},{"taxonomy":"post_tag","embeddable":true,"href":"https:\/\/www.connectus.sk\/en\/wp-json\/wp\/v2\/tags?post=764"}],"curies":[{"name":"wp","href":"https:\/\/api.w.org\/{rel}","templated":true}]}}